{"id":5971,"date":"2023-08-23T20:59:53","date_gmt":"2023-08-23T23:59:53","guid":{"rendered":"https:\/\/itsmariagrande-ers.infd.edu.ar\/sitio\/?p=5971"},"modified":"2023-08-29T21:11:23","modified_gmt":"2023-08-30T00:11:23","slug":"gestion-financiera-basica-para-emprendedores","status":"publish","type":"post","link":"https:\/\/itsmariagrande-ers.infd.edu.ar\/sitio\/gestion-financiera-basica-para-emprendedores\/","title":{"rendered":"Gesti\u00f3n Financiera b\u00e1sica para emprendedores"},"content":{"rendered":"\n<p>El mi\u00e9rcoles 23 de agosto en el SUM de la Oficina de Empleo (Paseo Ferroviario de Viale) de la ciudad de Viale se llev\u00f3 a cabo la capacitaci\u00f3n denominada \u00bb GESTI\u00d3N FINANCIERA B\u00c1SICA PARA EMPRENDEDORES \u00ab<\/p>\n\n\n\n<p>La misma fue organizada por la \u00abOficina de Informaci\u00f3n y Asesoramiento al Emprendedor\/a\u00bb, dependiente de la Tecnicatura en Administraci\u00f3n de Empresas del I.E.S. \u201cRca. de Entre R\u00edos\u201d por solicitud del Municipio de Viale.<\/p>\n\n\n\n<p>La Jornada estuvo a cargo por la Lic. Estefan\u00eda Del Prado, con el objetivo de brindar herramientas pr\u00e1cticas para el manejo de finanzas y costos.<\/p>\n\n\n\n<pre class=\"wp-block-preformatted\">&#x1f449;Oficina de Informaci\u00f3n y asesoramiento al Emprendedor\/a\n\n- Atenci\u00f3n personal: Martes de 8:00 a 10:00, en la oficina del CAV, Carlos L\u00f3pez y Mois\u00e9s Lebhenson \u2013 Bo. Castaldo- Mar\u00eda Grande.\n- E-mail: ofiemprendedor.iesrer@gmail.com\n- Facebook: @oficinaemprendedor\n- Instagram: @oficinaemprendedor\n- Nro. de tel\u00e9fono: 3435 00-8271\n- Grupo de WhatsApp: Unirse desde este enlace: https:\/\/chat.whatsapp.com\/DngDAOhu34dBwE2un7wY3R<\/pre>\n\n\n\n<figure class=\"wp-block-gallery has-nested-images columns-default is-cropped wp-block-gallery-1 is-layout-flex\">\n<figure class=\"wp-block-image size-large\"><img decoding=\"async\" loading=\"lazy\" width=\"720\" height=\"680\" data-id=\"5975\"  src=\"https:\/\/itsmariagrande-ers.infd.edu.ar\/sitio\/wp-content\/uploads\/2023\/08\/empresas-1.jpg\" alt=\"\" class=\"wp-image-5975\"\/><\/figure>\n\n\n\n<figure class=\"wp-block-image size-large\"><img decoding=\"async\" loading=\"lazy\" width=\"624\" height=\"594\" data-id=\"5973\"  src=\"https:\/\/itsmariagrande-ers.infd.edu.ar\/sitio\/wp-content\/uploads\/2023\/08\/empresas-2.jpg\" alt=\"\" class=\"wp-image-5973\"\/><\/figure>\n\n\n\n<figure class=\"wp-block-image size-large\"><img decoding=\"async\" loading=\"lazy\" width=\"651\" height=\"569\" data-id=\"5974\"  src=\"https:\/\/itsmariagrande-ers.infd.edu.ar\/sitio\/wp-content\/uploads\/2023\/08\/empresas-3.jpg\" alt=\"\" class=\"wp-image-5974\"\/><\/figure>\n\n\n\n<figure class=\"wp-block-image size-large\"><img decoding=\"async\" loading=\"lazy\" width=\"628\" height=\"456\" data-id=\"5977\"  src=\"https:\/\/itsmariagrande-ers.infd.edu.ar\/sitio\/wp-content\/uploads\/2023\/08\/empresas-4.jpg\" alt=\"\" class=\"wp-image-5977\"\/><\/figure>\n\n\n\n<figure class=\"wp-block-image size-large\"><img decoding=\"async\" loading=\"lazy\" width=\"720\" height=\"584\" data-id=\"5976\"  src=\"https:\/\/itsmariagrande-ers.infd.edu.ar\/sitio\/wp-content\/uploads\/2023\/08\/empresas-5.jpg\" alt=\"\" class=\"wp-image-5976\"\/><\/figure>\n<\/figure>\n\n\n\n<figure class=\"wp-block-image size-full\"><img decoding=\"async\" loading=\"lazy\" width=\"1280\" height=\"720\" src=\"https:\/\/itsmariagrande-ers.infd.edu.ar\/sitio\/wp-content\/uploads\/2023\/08\/WhatsApp-Image-2023-08-29-at-18.50.52.jpeg\" alt=\"\" class=\"wp-image-5978\" srcset=\"https:\/\/itsmariagrande-ers.infd.edu.ar\/sitio\/wp-content\/uploads\/2023\/08\/WhatsApp-Image-2023-08-29-at-18.50.52.jpeg 1280w, https:\/\/itsmariagrande-ers.infd.edu.ar\/sitio\/wp-content\/uploads\/2023\/08\/WhatsApp-Image-2023-08-29-at-18.50.52-1000x563.jpeg 1000w, https:\/\/itsmariagrande-ers.infd.edu.ar\/sitio\/wp-content\/uploads\/2023\/08\/WhatsApp-Image-2023-08-29-at-18.50.52-768x432.jpeg 768w\" sizes=\"(max-width: 1280px) 100vw, 1280px\" \/><\/figure>\n","protected":false},"excerpt":{"rendered":"<p>El mi\u00e9rcoles 23 de agosto en el SUM de la Oficina de Empleo (Paseo Ferroviario de Viale) de la ciudad de Viale se llev\u00f3 a cabo la capacitaci\u00f3n denominada \u00bb GESTI\u00d3N FINANCIERA B\u00c1SICA PARA EMPRENDEDORES \u00ab La misma fue organizada por la \u00abOficina de Informaci\u00f3n y Asesoramiento al Emprendedor\/a\u00bb, dependiente de la Tecnicatura en Administraci\u00f3n &#8230; <a title=\"Gesti\u00f3n Financiera b\u00e1sica para emprendedores\" class=\"read-more\" href=\"https:\/\/itsmariagrande-ers.infd.edu.ar\/sitio\/gestion-financiera-basica-para-emprendedores\/\" aria-label=\"More on Gesti\u00f3n Financiera b\u00e1sica para emprendedores\">[+]<\/a><\/p>\n","protected":false},"author":128,"featured_media":5972,"comment_status":"closed","ping_status":"closed","sticky":false,"template":"","format":"standard","meta":[],"categories":[1],"tags":[],"acf":[],"_links":{"self":[{"href":"https:\/\/itsmariagrande-ers.infd.edu.ar\/sitio\/wp-json\/wp\/v2\/posts\/5971"}],"collection":[{"href":"https:\/\/itsmariagrande-ers.infd.edu.ar\/sitio\/wp-json\/wp\/v2\/posts"}],"about":[{"href":"https:\/\/itsmariagrande-ers.infd.edu.ar\/sitio\/wp-json\/wp\/v2\/types\/post"}],"author":[{"embeddable":true,"href":"https:\/\/itsmariagrande-ers.infd.edu.ar\/sitio\/wp-json\/wp\/v2\/users\/128"}],"replies":[{"embeddable":true,"href":"https:\/\/itsmariagrande-ers.infd.edu.ar\/sitio\/wp-json\/wp\/v2\/comments?post=5971"}],"version-history":[{"count":1,"href":"https:\/\/itsmariagrande-ers.infd.edu.ar\/sitio\/wp-json\/wp\/v2\/posts\/5971\/revisions"}],"predecessor-version":[{"id":5979,"href":"https:\/\/itsmariagrande-ers.infd.edu.ar\/sitio\/wp-json\/wp\/v2\/posts\/5971\/revisions\/5979"}],"wp:featuredmedia":[{"embeddable":true,"href":"https:\/\/itsmariagrande-ers.infd.edu.ar\/sitio\/wp-json\/wp\/v2\/media\/5972"}],"wp:attachment":[{"href":"https:\/\/itsmariagrande-ers.infd.edu.ar\/sitio\/wp-json\/wp\/v2\/media?parent=5971"}],"wp:term":[{"taxonomy":"category","embeddable":true,"href":"https:\/\/itsmariagrande-ers.infd.edu.ar\/sitio\/wp-json\/wp\/v2\/categories?post=5971"},{"taxonomy":"post_tag","embeddable":true,"href":"https:\/\/itsmariagrande-ers.infd.edu.ar\/sitio\/wp-json\/wp\/v2\/tags?post=5971"}],"curies":[{"name":"wp","href":"https:\/\/api.w.org\/{rel}","templated":true}]}}