{"id":5241,"date":"2022-08-25T17:03:36","date_gmt":"2022-08-25T20:03:36","guid":{"rendered":"https:\/\/itsmariagrande-ers.infd.edu.ar\/sitio\/?p=5241"},"modified":"2022-08-25T17:03:37","modified_gmt":"2022-08-25T20:03:37","slug":"actividad-abierta-a-la-comunidad","status":"publish","type":"post","link":"https:\/\/itsmariagrande-ers.infd.edu.ar\/sitio\/actividad-abierta-a-la-comunidad\/","title":{"rendered":"Actividad abierta a la comunidad"},"content":{"rendered":"\n<p>Este viernes 26 de agosto se llevar\u00e1 a cabo en el Sal\u00f3n del Instituto de Educaci\u00f3n Superior \u00abRep\u00fablica de Entre R\u00edos\u00bb una charla abierta a la comunidad y dirigida a los estudiantes de las Tecnicaturas en Administraci\u00f3n de Empresas, Turismo y Gesti\u00f3n de Servicios y Gesti\u00f3n de PyMEs, del I.E.S. \u201cRca. de Entre R\u00edos\u201d.<\/p>\n\n\n\n<p>La tem\u00e1tica a abordar ser\u00e1 \u201c<strong><em>La crisis econ\u00f3mica actual y sus desaf\u00edos para superarla<\/em><\/strong>\u201d y estar\u00e1 a cargo el Cr. \u00c1lvaro Gabas, quien actualmente se desempe\u00f1a como Director del Banco Entre R\u00edos y forma parte del Centro de Estudios de Desarrollo Macroecon\u00f3mico (CEDMA).<\/p>\n\n\n\n<p><strong>La entrada es libre y gratuita.<\/strong><\/p>\n\n\n\n<p>Informaci\u00f3n resumida:<\/p>\n\n\n\n<ul><li><strong><em>La crisis econ\u00f3mica actual y sus desaf\u00edos para superarla<\/em><\/strong>\u201d, Cr. \u00c1lvaro Gabas<\/li><li>Lugar: SUM del I.E.S. \u00abRca. de Entre R\u00edos\u00bb, Carlos L\u00f3pez 517 de Mar\u00eda Grande<\/li><li>Fecha y Hora viernes 26 de agosto de 2022, 18:00 hs.<\/li><\/ul>\n","protected":false},"excerpt":{"rendered":"<p>Este viernes 26 de agosto se llevar\u00e1 a cabo en el Sal\u00f3n del Instituto de Educaci\u00f3n Superior \u00abRep\u00fablica de Entre R\u00edos\u00bb una charla abierta a la comunidad y dirigida a los estudiantes de las Tecnicaturas en Administraci\u00f3n de Empresas, Turismo y Gesti\u00f3n de Servicios y Gesti\u00f3n de PyMEs, del I.E.S. \u201cRca. de Entre R\u00edos\u201d. La &#8230; <a title=\"Actividad abierta a la comunidad\" class=\"read-more\" href=\"https:\/\/itsmariagrande-ers.infd.edu.ar\/sitio\/actividad-abierta-a-la-comunidad\/\" aria-label=\"More on Actividad abierta a la comunidad\">[+]<\/a><\/p>\n","protected":false},"author":128,"featured_media":5242,"comment_status":"closed","ping_status":"closed","sticky":false,"template":"","format":"standard","meta":[],"categories":[7,6],"tags":[],"acf":[],"_links":{"self":[{"href":"https:\/\/itsmariagrande-ers.infd.edu.ar\/sitio\/wp-json\/wp\/v2\/posts\/5241"}],"collection":[{"href":"https:\/\/itsmariagrande-ers.infd.edu.ar\/sitio\/wp-json\/wp\/v2\/posts"}],"about":[{"href":"https:\/\/itsmariagrande-ers.infd.edu.ar\/sitio\/wp-json\/wp\/v2\/types\/post"}],"author":[{"embeddable":true,"href":"https:\/\/itsmariagrande-ers.infd.edu.ar\/sitio\/wp-json\/wp\/v2\/users\/128"}],"replies":[{"embeddable":true,"href":"https:\/\/itsmariagrande-ers.infd.edu.ar\/sitio\/wp-json\/wp\/v2\/comments?post=5241"}],"version-history":[{"count":1,"href":"https:\/\/itsmariagrande-ers.infd.edu.ar\/sitio\/wp-json\/wp\/v2\/posts\/5241\/revisions"}],"predecessor-version":[{"id":5243,"href":"https:\/\/itsmariagrande-ers.infd.edu.ar\/sitio\/wp-json\/wp\/v2\/posts\/5241\/revisions\/5243"}],"wp:featuredmedia":[{"embeddable":true,"href":"https:\/\/itsmariagrande-ers.infd.edu.ar\/sitio\/wp-json\/wp\/v2\/media\/5242"}],"wp:attachment":[{"href":"https:\/\/itsmariagrande-ers.infd.edu.ar\/sitio\/wp-json\/wp\/v2\/media?parent=5241"}],"wp:term":[{"taxonomy":"category","embeddable":true,"href":"https:\/\/itsmariagrande-ers.infd.edu.ar\/sitio\/wp-json\/wp\/v2\/categories?post=5241"},{"taxonomy":"post_tag","embeddable":true,"href":"https:\/\/itsmariagrande-ers.infd.edu.ar\/sitio\/wp-json\/wp\/v2\/tags?post=5241"}],"curies":[{"name":"wp","href":"https:\/\/api.w.org\/{rel}","templated":true}]}}