{"id":4249,"date":"2021-09-01T00:00:00","date_gmt":"2021-09-01T03:00:00","guid":{"rendered":"https:\/\/itsmariagrande-ers.infd.edu.ar\/sitio\/?p=4249"},"modified":"2021-09-07T17:54:50","modified_gmt":"2021-09-07T20:54:50","slug":"inscripcion-a-mesas-de-examenes-finales-extraordinarias-turno-septiembre-2021","status":"publish","type":"post","link":"https:\/\/itsmariagrande-ers.infd.edu.ar\/sitio\/inscripcion-a-mesas-de-examenes-finales-extraordinarias-turno-septiembre-2021\/","title":{"rendered":"Inscripci\u00f3n a Mesas de ex\u00e1menes finales EXTRAORDINARIAS, turno Septiembre 2021"},"content":{"rendered":"\n<p>Atenci\u00f3n <strong>estudiantes<\/strong> del I.E.S. \u00abRca. de Entre R\u00edos\u00bb, <strong>todas las carreras<\/strong>:<\/p>\n\n\n\n<p>Desde el <strong>mi\u00e9rcoles 1ro. al domingo 05 de septiembre, <\/strong>estar\u00e1 abierta la <strong>inscripci\u00f3n<\/strong> <strong>online<\/strong>  a mesas de ex\u00e1menes finales <strong>extraordinaria <\/strong>del turno Septiembre 2021. <\/p>\n\n\n\n<p>Las mesas se llevar\u00e1n a cabo en forma <strong>presencial <\/strong>entre los d\u00edas  <strong>lunes 13 y viernes 17 de septiembre<\/strong>.<\/p>\n\n\n\n<p>Finalizado el per\u00edodo de inscripci\u00f3n y de acuerdo a las inscripciones recibidas, se conformar\u00e1n los tribunales&nbsp;correspondientes para luego notificar la fecha y hora de cada Mesa y Unidad Curricular.<\/p>\n\n\n\n<p><strong>Leer atentamente<\/strong> <strong>lo descripto a continuaci\u00f3n&nbsp;antes de realizar la inscripci\u00f3n:<\/strong><\/p>\n\n\n\n<p>PODR\u00c1N INSCRIBIRSE AQUELLOS ESTUDIANTES QUE SE ENCUADREN EN LAS&nbsp;SIGUIENTES SITUACIONES (Resol. 4967\/19 CGE):<\/p>\n\n\n\n<p>1- Adeuden alguna\/s asignatura\/s correlativa\/s que les impida\/n seguir cursando las Pr\u00e1cticas Docentes o Profesionalizantes.<\/p>\n\n\n\n<p>2- Adeuden materias de una carrera que est\u00e1 finalizando (en nuestro caso: en el Profesorado de Educaci\u00f3n Tecnol\u00f3gica), o haya finalizado como la Tecnicatura Superior en Administraci\u00f3n P\u00fablica.<\/p>\n\n\n\n<p>3-&nbsp;Finalizaron el cursado y adeuden alguna\/s asignatura\/s y le permita egresar.&nbsp;<\/p>\n\n\n\n<p><strong>Para inscribirse deber\u00e1n completar el formulario online, al cual se accede mediante la siguiente imagen:<\/strong><\/p>\n\n\n\n<div class=\"wp-block-image\"><figure class=\"aligncenter\"><a href=\"https:\/\/forms.gle\/rSQXBSxLbC2uLXyJ9\" target=\"_blank\" rel=\"noreferrer noopener\"><img decoding=\"async\" loading=\"lazy\" width=\"1000\" height=\"168\" src=\"https:\/\/itsmariagrande-ers.infd.edu.ar\/sitio\/wp-content\/uploads\/2018\/07\/Paso_1_1-1000x168.jpg\" alt=\"\" class=\"wp-image-1057\" srcset=\"https:\/\/itsmariagrande-ers.infd.edu.ar\/sitio\/wp-content\/uploads\/2018\/07\/Paso_1_1-1000x168.jpg 1000w, https:\/\/itsmariagrande-ers.infd.edu.ar\/sitio\/wp-content\/uploads\/2018\/07\/Paso_1_1-768x129.jpg 768w, https:\/\/itsmariagrande-ers.infd.edu.ar\/sitio\/wp-content\/uploads\/2018\/07\/Paso_1_1-1900x319.jpg 1900w\" sizes=\"(max-width: 1000px) 100vw, 1000px\" \/><\/a><\/figure><\/div>\n\n\n\n<div class=\"wp-block-image\"><figure class=\"aligncenter\"><a href=\"https:\/\/docs.google.com\/spreadsheets\/d\/1TO2qsWaEHJFaTM6LQPtTAct6MJLEKgg_Pm4NYjq13HY\/edit?usp=sharing\" target=\"_blank\" rel=\"noreferrer noopener\"><img decoding=\"async\" loading=\"lazy\" width=\"1000\" height=\"181\" src=\"https:\/\/itsmariagrande-ers.infd.edu.ar\/sitio\/wp-content\/uploads\/2018\/07\/Paso_2_1-1000x181.jpg\" alt=\"\" class=\"wp-image-1059\" srcset=\"https:\/\/itsmariagrande-ers.infd.edu.ar\/sitio\/wp-content\/uploads\/2018\/07\/Paso_2_1-1000x181.jpg 1000w, https:\/\/itsmariagrande-ers.infd.edu.ar\/sitio\/wp-content\/uploads\/2018\/07\/Paso_2_1-768x139.jpg 768w, https:\/\/itsmariagrande-ers.infd.edu.ar\/sitio\/wp-content\/uploads\/2018\/07\/Paso_2_1-1900x345.jpg 1900w\" sizes=\"(max-width: 1000px) 100vw, 1000px\" \/><\/a><\/figure><\/div>\n\n\n\n<p><strong>Informaci\u00f3n importante para todos los estudiantes:&nbsp;Tener en cuenta que en caso de no poder presentarse a la mesa deber\u00e1n informar dicha&nbsp;decisi\u00f3n&nbsp;al menos 24 hs. antes de la fecha y hora de la mesa.&nbsp;<a href=\"https:\/\/itsmariagrande-ers.infd.edu.ar\/sitio\/wp-content\/uploads\/2020\/11\/Modelo_Nota_para_borrarse_de_Mesas__Rector_Hernan_Monzon_.doc\">Descargar Modelo de Nota haciendo clic aqu\u00ed.<\/a><\/strong><\/p>\n\n\n\n<p><strong>La nota debe ser enviada en forma virtual mediante mensajer\u00eda interna del aula virtual INSTITUCIONAL y sus destinatarios ser\u00e1n el Secretario administrativo, Ezequiel Moreyra, o el\/la Coordinador\/a de carrera y el\/la profesor\/a a cargo del espacio curricular en que se hab\u00eda&nbsp;inscripto.<\/strong><\/p>\n","protected":false},"excerpt":{"rendered":"<p>Atenci\u00f3n estudiantes del I.E.S. \u00abRca. de Entre R\u00edos\u00bb, todas las carreras: Desde el mi\u00e9rcoles 1ro. al domingo 05 de septiembre, estar\u00e1 abierta la inscripci\u00f3n online a mesas de ex\u00e1menes finales extraordinaria del turno Septiembre 2021. Las mesas se llevar\u00e1n a cabo en forma presencial entre los d\u00edas lunes 13 y viernes 17 de septiembre. Finalizado &#8230; <a title=\"Inscripci\u00f3n a Mesas de ex\u00e1menes finales EXTRAORDINARIAS, turno Septiembre 2021\" class=\"read-more\" href=\"https:\/\/itsmariagrande-ers.infd.edu.ar\/sitio\/inscripcion-a-mesas-de-examenes-finales-extraordinarias-turno-septiembre-2021\/\" aria-label=\"More on Inscripci\u00f3n a Mesas de ex\u00e1menes finales EXTRAORDINARIAS, turno Septiembre 2021\">[+]<\/a><\/p>\n","protected":false},"author":128,"featured_media":4254,"comment_status":"closed","ping_status":"closed","sticky":false,"template":"","format":"standard","meta":[],"categories":[7,6],"tags":[],"acf":[],"_links":{"self":[{"href":"https:\/\/itsmariagrande-ers.infd.edu.ar\/sitio\/wp-json\/wp\/v2\/posts\/4249"}],"collection":[{"href":"https:\/\/itsmariagrande-ers.infd.edu.ar\/sitio\/wp-json\/wp\/v2\/posts"}],"about":[{"href":"https:\/\/itsmariagrande-ers.infd.edu.ar\/sitio\/wp-json\/wp\/v2\/types\/post"}],"author":[{"embeddable":true,"href":"https:\/\/itsmariagrande-ers.infd.edu.ar\/sitio\/wp-json\/wp\/v2\/users\/128"}],"replies":[{"embeddable":true,"href":"https:\/\/itsmariagrande-ers.infd.edu.ar\/sitio\/wp-json\/wp\/v2\/comments?post=4249"}],"version-history":[{"count":2,"href":"https:\/\/itsmariagrande-ers.infd.edu.ar\/sitio\/wp-json\/wp\/v2\/posts\/4249\/revisions"}],"predecessor-version":[{"id":4255,"href":"https:\/\/itsmariagrande-ers.infd.edu.ar\/sitio\/wp-json\/wp\/v2\/posts\/4249\/revisions\/4255"}],"wp:featuredmedia":[{"embeddable":true,"href":"https:\/\/itsmariagrande-ers.infd.edu.ar\/sitio\/wp-json\/wp\/v2\/media\/4254"}],"wp:attachment":[{"href":"https:\/\/itsmariagrande-ers.infd.edu.ar\/sitio\/wp-json\/wp\/v2\/media?parent=4249"}],"wp:term":[{"taxonomy":"category","embeddable":true,"href":"https:\/\/itsmariagrande-ers.infd.edu.ar\/sitio\/wp-json\/wp\/v2\/categories?post=4249"},{"taxonomy":"post_tag","embeddable":true,"href":"https:\/\/itsmariagrande-ers.infd.edu.ar\/sitio\/wp-json\/wp\/v2\/tags?post=4249"}],"curies":[{"name":"wp","href":"https:\/\/api.w.org\/{rel}","templated":true}]}}