{"id":3603,"date":"2020-03-06T17:05:23","date_gmt":"2020-03-06T20:05:23","guid":{"rendered":"https:\/\/itsmariagrande-ers.infd.edu.ar\/sitio\/?p=3603"},"modified":"2020-03-06T17:05:23","modified_gmt":"2020-03-06T20:05:23","slug":"el-cge-aprobo-la-apertura-de-la-tecnicatura-en-pymes","status":"publish","type":"post","link":"https:\/\/itsmariagrande-ers.infd.edu.ar\/sitio\/el-cge-aprobo-la-apertura-de-la-tecnicatura-en-pymes\/","title":{"rendered":"El CGE aprob\u00f3 la apertura de la Tecnicatura en PYMES"},"content":{"rendered":"<p style=\"text-align: Justify;\">El Consejo General de Educaci\u00f3n de la Provincia de Entre R\u00edos, mediante Resoluci\u00f3n N\u00b0 450\/20, aprob\u00f3 la apertura de la Tecnicatura Superior en Gesti\u00f3n de Peque\u00f1as y Medianas Empresas (PYMES).<\/p>\n<p style=\"text-align: Justify;\">Dicha carrera desarrollar\u00e1 sus actividades \u00e1ulicas en la localidad de Tabossi, como extensi\u00f3n \u00e1ulica del I.E.S. \u201cRca. de Entre R\u00edos\u201d.<\/p>\n<p style=\"text-align: Justify;\">El inicio de clases ser\u00e1 el 25 de marzo, con horario a confirmar.<\/p>\n<p style=\"text-align: Justify;\">La Tecnicatura tiene una duraci\u00f3n de 3 a\u00f1os de cursado, de lunes a viernes por la tarde y funcionando en el edificio compartido con la Escuela N\u00b0 75 \u201cGeneral Alv\u00e9ar\u201d, Pte. Juan Domingo Per\u00f3n 256, Tabossi.<\/p>\n<p style=\"text-align: Justify;\">La estructura curricular de la carrera est\u00e1 organizada de la siguiente manera:<\/p>\n<ul>\n<li>Cantidad de a\u00f1os de cursado: 3<\/li>\n<li>Cantidad de materias: 28\n<ul>\n<li>1er. A\u00f1o: 9<\/li>\n<li>2do. A\u00f1o: 8<\/li>\n<li>3er. A\u00f1o: 11<\/li>\n<\/ul>\n<\/li>\n<li>Carga Horaria semanal de la trayectoria formativa:\n<ul>\n<li>1er. A\u00f1o: 30 hs. c\u00e1tedra semanales (20 hs. reloj)<\/li>\n<li>2do. A\u00f1o: 27 hs. c\u00e1tedra semanales (18 hs. reloj)<\/li>\n<li>3er. A\u00f1o: 38 hs. c\u00e1tedra semanales (25 hs. reloj, aproximadamente)<\/li>\n<\/ul>\n<\/li>\n<\/ul>\n<p style=\"text-align: Justify;\">Los interesados pueden solicitar informaci\u00f3n por correo electr\u00f3nico a iesrepermariagrande@gmail.com, telef\u00f3nicamente al (0343) 4947119 o personalmente en la Sede del Instituto, Carlos L\u00f3pez 517 de Mar\u00eda Grande. Horario de atenci\u00f3n de 16:00 a 20:00 hs.<\/p>\n","protected":false},"excerpt":{"rendered":"<p>El Consejo General de Educaci\u00f3n de la Provincia de Entre R\u00edos, mediante Resoluci\u00f3n N\u00b0 450\/20, aprob\u00f3 la apertura de la Tecnicatura Superior en Gesti\u00f3n de Peque\u00f1as y Medianas Empresas (PYMES). Dicha carrera desarrollar\u00e1 sus actividades \u00e1ulicas en la localidad de Tabossi, como extensi\u00f3n \u00e1ulica del I.E.S. \u201cRca. de Entre R\u00edos\u201d. El inicio de clases ser\u00e1 &#8230; <a title=\"El CGE aprob\u00f3 la apertura de la Tecnicatura en PYMES\" class=\"read-more\" href=\"https:\/\/itsmariagrande-ers.infd.edu.ar\/sitio\/el-cge-aprobo-la-apertura-de-la-tecnicatura-en-pymes\/\" aria-label=\"More on El CGE aprob\u00f3 la apertura de la Tecnicatura en PYMES\">[+]<\/a><\/p>\n","protected":false},"author":128,"featured_media":3604,"comment_status":"open","ping_status":"open","sticky":false,"template":"","format":"standard","meta":[],"categories":[7,6],"tags":[],"acf":[],"_links":{"self":[{"href":"https:\/\/itsmariagrande-ers.infd.edu.ar\/sitio\/wp-json\/wp\/v2\/posts\/3603"}],"collection":[{"href":"https:\/\/itsmariagrande-ers.infd.edu.ar\/sitio\/wp-json\/wp\/v2\/posts"}],"about":[{"href":"https:\/\/itsmariagrande-ers.infd.edu.ar\/sitio\/wp-json\/wp\/v2\/types\/post"}],"author":[{"embeddable":true,"href":"https:\/\/itsmariagrande-ers.infd.edu.ar\/sitio\/wp-json\/wp\/v2\/users\/128"}],"replies":[{"embeddable":true,"href":"https:\/\/itsmariagrande-ers.infd.edu.ar\/sitio\/wp-json\/wp\/v2\/comments?post=3603"}],"version-history":[{"count":1,"href":"https:\/\/itsmariagrande-ers.infd.edu.ar\/sitio\/wp-json\/wp\/v2\/posts\/3603\/revisions"}],"predecessor-version":[{"id":3605,"href":"https:\/\/itsmariagrande-ers.infd.edu.ar\/sitio\/wp-json\/wp\/v2\/posts\/3603\/revisions\/3605"}],"wp:featuredmedia":[{"embeddable":true,"href":"https:\/\/itsmariagrande-ers.infd.edu.ar\/sitio\/wp-json\/wp\/v2\/media\/3604"}],"wp:attachment":[{"href":"https:\/\/itsmariagrande-ers.infd.edu.ar\/sitio\/wp-json\/wp\/v2\/media?parent=3603"}],"wp:term":[{"taxonomy":"category","embeddable":true,"href":"https:\/\/itsmariagrande-ers.infd.edu.ar\/sitio\/wp-json\/wp\/v2\/categories?post=3603"},{"taxonomy":"post_tag","embeddable":true,"href":"https:\/\/itsmariagrande-ers.infd.edu.ar\/sitio\/wp-json\/wp\/v2\/tags?post=3603"}],"curies":[{"name":"wp","href":"https:\/\/api.w.org\/{rel}","templated":true}]}}