{"id":2717,"date":"2019-05-10T00:27:58","date_gmt":"2019-05-10T03:27:58","guid":{"rendered":"https:\/\/itsmariagrande-ers.infd.edu.ar\/sitio\/?p=2717"},"modified":"2019-05-10T00:46:23","modified_gmt":"2019-05-10T03:46:23","slug":"el-consejo-directivo-del-i-e-s-informa-resoluciones-insitucionales","status":"publish","type":"post","link":"https:\/\/itsmariagrande-ers.infd.edu.ar\/sitio\/el-consejo-directivo-del-i-e-s-informa-resoluciones-insitucionales\/","title":{"rendered":"El Consejo Directivo del I.E.S. informa Resoluciones Institucionales"},"content":{"rendered":"<p style=\"text-align: Justify;\">El Consejo Directivo del I.E.S. \u201cRep\u00fablica de Entre R\u00edos\u201d, aprueba mediante\u00a0 Resoluci\u00f3n 01\/19, el reglamento institucional para la elecci\u00f3n de abanderados y sus escoltas de las insignias nacionales y provinciales, en el marco del <a href=\"https:\/\/itsmariagrande-ers.infd.edu.ar\/sitio\/wp-content\/uploads\/2019\/05\/dec2390-01.pdf\">Decreto 2390<\/a> del a\u00f1o 2001 del Ministerio de Gobierno, Justicia y Educaci\u00f3n de la provincia de Entre R\u00edos (MGJE).<\/p>\n<p style=\"text-align: Justify;\">Del mismo modo y mediante Res. 02\/19 del CD del I.E.S., se aprueban algunas consideraciones relacionadas con la colaci\u00f3n de grado de las carreras de dicho Instituto, haciendo alusi\u00f3n en la misma a cuando y donde se realizar\u00e1 y quienes participaran de la misma.<\/p>\n<p><a href=\"https:\/\/itsmariagrande-ers.infd.edu.ar\/sitio\/wp-content\/uploads\/2019\/05\/RES01-19CD.pdf\">Descargar Res. 01\/19 del CD del I.E.S.<\/a><\/p>\n<p><a href=\"https:\/\/itsmariagrande-ers.infd.edu.ar\/sitio\/wp-content\/uploads\/2019\/05\/RES-02-2019-CD.pdf\">Descargar Res. 02\/19 del CD del I.E.S.<\/a><\/p>\n","protected":false},"excerpt":{"rendered":"<p>El Consejo Directivo del I.E.S. \u201cRep\u00fablica de Entre R\u00edos\u201d, aprueba mediante\u00a0 Resoluci\u00f3n 01\/19, el reglamento institucional para la elecci\u00f3n de abanderados y sus escoltas de las insignias nacionales y provinciales, en el marco del Decreto 2390 del a\u00f1o 2001 del Ministerio de Gobierno, Justicia y Educaci\u00f3n de la provincia de Entre R\u00edos (MGJE). Del mismo &#8230; <a title=\"El Consejo Directivo del I.E.S. informa Resoluciones Institucionales\" class=\"read-more\" href=\"https:\/\/itsmariagrande-ers.infd.edu.ar\/sitio\/el-consejo-directivo-del-i-e-s-informa-resoluciones-insitucionales\/\" aria-label=\"More on El Consejo Directivo del I.E.S. informa Resoluciones Institucionales\">[+]<\/a><\/p>\n","protected":false},"author":128,"featured_media":2718,"comment_status":"open","ping_status":"open","sticky":false,"template":"","format":"standard","meta":[],"categories":[7,6],"tags":[],"acf":[],"_links":{"self":[{"href":"https:\/\/itsmariagrande-ers.infd.edu.ar\/sitio\/wp-json\/wp\/v2\/posts\/2717"}],"collection":[{"href":"https:\/\/itsmariagrande-ers.infd.edu.ar\/sitio\/wp-json\/wp\/v2\/posts"}],"about":[{"href":"https:\/\/itsmariagrande-ers.infd.edu.ar\/sitio\/wp-json\/wp\/v2\/types\/post"}],"author":[{"embeddable":true,"href":"https:\/\/itsmariagrande-ers.infd.edu.ar\/sitio\/wp-json\/wp\/v2\/users\/128"}],"replies":[{"embeddable":true,"href":"https:\/\/itsmariagrande-ers.infd.edu.ar\/sitio\/wp-json\/wp\/v2\/comments?post=2717"}],"version-history":[{"count":7,"href":"https:\/\/itsmariagrande-ers.infd.edu.ar\/sitio\/wp-json\/wp\/v2\/posts\/2717\/revisions"}],"predecessor-version":[{"id":2728,"href":"https:\/\/itsmariagrande-ers.infd.edu.ar\/sitio\/wp-json\/wp\/v2\/posts\/2717\/revisions\/2728"}],"wp:featuredmedia":[{"embeddable":true,"href":"https:\/\/itsmariagrande-ers.infd.edu.ar\/sitio\/wp-json\/wp\/v2\/media\/2718"}],"wp:attachment":[{"href":"https:\/\/itsmariagrande-ers.infd.edu.ar\/sitio\/wp-json\/wp\/v2\/media?parent=2717"}],"wp:term":[{"taxonomy":"category","embeddable":true,"href":"https:\/\/itsmariagrande-ers.infd.edu.ar\/sitio\/wp-json\/wp\/v2\/categories?post=2717"},{"taxonomy":"post_tag","embeddable":true,"href":"https:\/\/itsmariagrande-ers.infd.edu.ar\/sitio\/wp-json\/wp\/v2\/tags?post=2717"}],"curies":[{"name":"wp","href":"https:\/\/api.w.org\/{rel}","templated":true}]}}