{"id":2712,"date":"2019-05-09T12:00:44","date_gmt":"2019-05-09T15:00:44","guid":{"rendered":"https:\/\/itsmariagrande-ers.infd.edu.ar\/sitio\/?p=2712"},"modified":"2019-05-23T18:06:29","modified_gmt":"2019-05-23T21:06:29","slug":"feria-del-libro-en-el-i-e-s-rca-de-entre-rios","status":"publish","type":"post","link":"https:\/\/itsmariagrande-ers.infd.edu.ar\/sitio\/feria-del-libro-en-el-i-e-s-rca-de-entre-rios\/","title":{"rendered":"Feria del Libro en el I.E.S. \u00abRca. de Entre R\u00edos\u00bb"},"content":{"rendered":"<p style=\"text-align: jUSTIFY;\">El viernes 10 y s\u00e1bado 11 de mayo, de 9:00 a 21:00 hs. se llevar\u00e1 a cabo la Feria del Libro en la Sede del Instituto \u00abRep\u00fablica de Entre R\u00edos\u00bb, Carlos L\u00f3pez 517 de Mar\u00eda Grande.<\/p>\n<p style=\"text-align: jUSTIFY;\">La Feria del Libro Popular es un programa nacional perteneciente al Ministerio de Cultura de la Naci\u00f3n y la realizaci\u00f3n de la Feria en nuestra ciudad es una iniciativa que surge de la actividad conjunta del Municipio de Mar\u00eda Grande y el mencionado Instituto, realizando las gestiones necesarias y brindando el espacio para que dicho evento cultural se lleve a cabo.<\/p>\n<p style=\"text-align: jUSTIFY;\">El evento est\u00e1 dirigido a al p\u00fablico en general, brindando un espacio para la lectura y la posibilidad de acceder a m\u00e1s de 30.000 ejemplares, de diversos g\u00e9neros literarios, con hasta un 50 % de descuento.<\/p>\n<p style=\"text-align: jUSTIFY;\">El Centro de estudiantes del Instituto tendr\u00e1 un Stand en dicha feria. En \u00e9ste espacio en particular se brindar\u00e1 la posibilidad de intercambiar y vender libros usados o nuevos.<\/p>\n<p><img decoding=\"async\" loading=\"lazy\" class=\"aligncenter size-medium wp-image-2713\" src=\"https:\/\/itsmariagrande-ers.infd.edu.ar\/sitio\/wp-content\/uploads\/2019\/05\/feria-del-libro-817x1000.jpg\" alt=\"\" width=\"817\" height=\"1000\" srcset=\"https:\/\/itsmariagrande-ers.infd.edu.ar\/sitio\/wp-content\/uploads\/2019\/05\/feria-del-libro-817x1000.jpg 817w, https:\/\/itsmariagrande-ers.infd.edu.ar\/sitio\/wp-content\/uploads\/2019\/05\/feria-del-libro-768x940.jpg 768w, https:\/\/itsmariagrande-ers.infd.edu.ar\/sitio\/wp-content\/uploads\/2019\/05\/feria-del-libro.jpg 1046w\" sizes=\"(max-width: 817px) 100vw, 817px\" \/><\/p>\n","protected":false},"excerpt":{"rendered":"<p>El viernes 10 y s\u00e1bado 11 de mayo, de 9:00 a 21:00 hs. se llevar\u00e1 a cabo la Feria del Libro en la Sede del Instituto \u00abRep\u00fablica de Entre R\u00edos\u00bb, Carlos L\u00f3pez 517 de Mar\u00eda Grande. La Feria del Libro Popular es un programa nacional perteneciente al Ministerio de Cultura de la Naci\u00f3n y la &#8230; <a title=\"Feria del Libro en el I.E.S. \u00abRca. de Entre R\u00edos\u00bb\" class=\"read-more\" href=\"https:\/\/itsmariagrande-ers.infd.edu.ar\/sitio\/feria-del-libro-en-el-i-e-s-rca-de-entre-rios\/\" aria-label=\"More on Feria del Libro en el I.E.S. \u00abRca. de Entre R\u00edos\u00bb\">[+]<\/a><\/p>\n","protected":false},"author":128,"featured_media":2713,"comment_status":"open","ping_status":"open","sticky":false,"template":"","format":"standard","meta":[],"categories":[7,6],"tags":[],"acf":[],"_links":{"self":[{"href":"https:\/\/itsmariagrande-ers.infd.edu.ar\/sitio\/wp-json\/wp\/v2\/posts\/2712"}],"collection":[{"href":"https:\/\/itsmariagrande-ers.infd.edu.ar\/sitio\/wp-json\/wp\/v2\/posts"}],"about":[{"href":"https:\/\/itsmariagrande-ers.infd.edu.ar\/sitio\/wp-json\/wp\/v2\/types\/post"}],"author":[{"embeddable":true,"href":"https:\/\/itsmariagrande-ers.infd.edu.ar\/sitio\/wp-json\/wp\/v2\/users\/128"}],"replies":[{"embeddable":true,"href":"https:\/\/itsmariagrande-ers.infd.edu.ar\/sitio\/wp-json\/wp\/v2\/comments?post=2712"}],"version-history":[{"count":4,"href":"https:\/\/itsmariagrande-ers.infd.edu.ar\/sitio\/wp-json\/wp\/v2\/posts\/2712\/revisions"}],"predecessor-version":[{"id":2753,"href":"https:\/\/itsmariagrande-ers.infd.edu.ar\/sitio\/wp-json\/wp\/v2\/posts\/2712\/revisions\/2753"}],"wp:featuredmedia":[{"embeddable":true,"href":"https:\/\/itsmariagrande-ers.infd.edu.ar\/sitio\/wp-json\/wp\/v2\/media\/2713"}],"wp:attachment":[{"href":"https:\/\/itsmariagrande-ers.infd.edu.ar\/sitio\/wp-json\/wp\/v2\/media?parent=2712"}],"wp:term":[{"taxonomy":"category","embeddable":true,"href":"https:\/\/itsmariagrande-ers.infd.edu.ar\/sitio\/wp-json\/wp\/v2\/categories?post=2712"},{"taxonomy":"post_tag","embeddable":true,"href":"https:\/\/itsmariagrande-ers.infd.edu.ar\/sitio\/wp-json\/wp\/v2\/tags?post=2712"}],"curies":[{"name":"wp","href":"https:\/\/api.w.org\/{rel}","templated":true}]}}