{"id":1723,"date":"2018-09-06T18:02:25","date_gmt":"2018-09-06T21:02:25","guid":{"rendered":"https:\/\/itsmariagrande-ers.infd.edu.ar\/sitio\/?p=1723"},"modified":"2018-09-06T18:02:25","modified_gmt":"2018-09-06T21:02:25","slug":"charla-en-el-honorable-concejo-deliberante-y-sesion","status":"publish","type":"post","link":"https:\/\/itsmariagrande-ers.infd.edu.ar\/sitio\/charla-en-el-honorable-concejo-deliberante-y-sesion\/","title":{"rendered":"Charla en el Honorable Concejo Deliberante y Sesi\u00f3n"},"content":{"rendered":"<p style=\"text-align: jUSTIFY;\">En el marco de las Pr\u00e1cticas Profesionalizantes, las estudiantes de Segundo A\u00f1o de la Tecnicatura en Administraci\u00f3n P\u00fablica, junto a la Coordinadora de Pr\u00e1cticas Profesionalizantes, Lic. Estefan\u00eda del Prado, en la tarde del 5 de septiembre del corriente a\u00f1o,\u00a0 presenciaron una sesi\u00f3n del Honorable Concejo Deliberante en la localidad de Tabossi.<\/p>\n<p style=\"text-align: jUSTIFY;\">Dentro del recinto, adem\u00e1s, se realizaron consultas, se respondieron inquietudes y se explicit\u00f3 el funcionamiento del mismo, as\u00ed como la normativa que lo regula.<\/p>\n<p style=\"text-align: jUSTIFY;\">Estas acciones contribuyen a la formaci\u00f3n de nuestros estudiantes y a la vinculaci\u00f3n de nuestro Instituto con la sociedad.<\/p>\n<div id='gallery-1' class='gallery galleryid-1723 gallery-columns-2 gallery-size-large'><figure class='gallery-item'>\n\t\t\t<div class='gallery-icon portrait'>\n\t\t\t\t<a href='https:\/\/itsmariagrande-ers.infd.edu.ar\/sitio\/charla-en-el-honorable-concejo-deliberante-y-sesion\/2018-09-05-admin-publica-charla-en-el-honorable-concejo-deliberante-y-sesion-1\/#main'><img width=\"774\" height=\"1032\" src=\"https:\/\/itsmariagrande-ers.infd.edu.ar\/sitio\/wp-content\/uploads\/2018\/09\/2018-09-05-Admin.-PUBLICA-Charla-en-el-Honorable-Concejo-Deliberante-y-Sesi\u00f3n-1.jpeg\" class=\"attachment-large size-large\" alt=\"\" decoding=\"async\" loading=\"lazy\" srcset=\"https:\/\/itsmariagrande-ers.infd.edu.ar\/sitio\/wp-content\/uploads\/2018\/09\/2018-09-05-Admin.-PUBLICA-Charla-en-el-Honorable-Concejo-Deliberante-y-Sesi\u00f3n-1.jpeg 774w, https:\/\/itsmariagrande-ers.infd.edu.ar\/sitio\/wp-content\/uploads\/2018\/09\/2018-09-05-Admin.-PUBLICA-Charla-en-el-Honorable-Concejo-Deliberante-y-Sesi\u00f3n-1-750x1000.jpeg 750w, https:\/\/itsmariagrande-ers.infd.edu.ar\/sitio\/wp-content\/uploads\/2018\/09\/2018-09-05-Admin.-PUBLICA-Charla-en-el-Honorable-Concejo-Deliberante-y-Sesi\u00f3n-1-768x1024.jpeg 768w\" sizes=\"(max-width: 774px) 100vw, 774px\" \/><\/a>\n\t\t\t<\/div><\/figure><figure class='gallery-item'>\n\t\t\t<div class='gallery-icon portrait'>\n\t\t\t\t<a href='https:\/\/itsmariagrande-ers.infd.edu.ar\/sitio\/charla-en-el-honorable-concejo-deliberante-y-sesion\/2018-09-05-admin-publica-charla-en-el-honorable-concejo-deliberante-y-sesion-2\/#main'><img width=\"774\" height=\"1032\" src=\"https:\/\/itsmariagrande-ers.infd.edu.ar\/sitio\/wp-content\/uploads\/2018\/09\/2018-09-05-Admin.-PUBLICA-Charla-en-el-Honorable-Concejo-Deliberante-y-Sesi\u00f3n-2.jpeg\" class=\"attachment-large size-large\" alt=\"\" decoding=\"async\" loading=\"lazy\" srcset=\"https:\/\/itsmariagrande-ers.infd.edu.ar\/sitio\/wp-content\/uploads\/2018\/09\/2018-09-05-Admin.-PUBLICA-Charla-en-el-Honorable-Concejo-Deliberante-y-Sesi\u00f3n-2.jpeg 774w, https:\/\/itsmariagrande-ers.infd.edu.ar\/sitio\/wp-content\/uploads\/2018\/09\/2018-09-05-Admin.-PUBLICA-Charla-en-el-Honorable-Concejo-Deliberante-y-Sesi\u00f3n-2-750x1000.jpeg 750w, https:\/\/itsmariagrande-ers.infd.edu.ar\/sitio\/wp-content\/uploads\/2018\/09\/2018-09-05-Admin.-PUBLICA-Charla-en-el-Honorable-Concejo-Deliberante-y-Sesi\u00f3n-2-768x1024.jpeg 768w\" sizes=\"(max-width: 774px) 100vw, 774px\" \/><\/a>\n\t\t\t<\/div><\/figure>\n\t\t<\/div>\n\n<p>&nbsp;<\/p>\n","protected":false},"excerpt":{"rendered":"<p>En el marco de las Pr\u00e1cticas Profesionalizantes, las estudiantes de Segundo A\u00f1o de la Tecnicatura en Administraci\u00f3n P\u00fablica, junto a la Coordinadora de Pr\u00e1cticas Profesionalizantes, Lic. Estefan\u00eda del Prado, en la tarde del 5 de septiembre del corriente a\u00f1o,\u00a0 presenciaron una sesi\u00f3n del Honorable Concejo Deliberante en la localidad de Tabossi. Dentro del recinto, adem\u00e1s, &#8230; <a title=\"Charla en el Honorable Concejo Deliberante y Sesi\u00f3n\" class=\"read-more\" href=\"https:\/\/itsmariagrande-ers.infd.edu.ar\/sitio\/charla-en-el-honorable-concejo-deliberante-y-sesion\/\" aria-label=\"More on Charla en el Honorable Concejo Deliberante y Sesi\u00f3n\">[+]<\/a><\/p>\n","protected":false},"author":128,"featured_media":1725,"comment_status":"open","ping_status":"open","sticky":false,"template":"","format":"standard","meta":[],"categories":[7,6,1],"tags":[],"acf":[],"_links":{"self":[{"href":"https:\/\/itsmariagrande-ers.infd.edu.ar\/sitio\/wp-json\/wp\/v2\/posts\/1723"}],"collection":[{"href":"https:\/\/itsmariagrande-ers.infd.edu.ar\/sitio\/wp-json\/wp\/v2\/posts"}],"about":[{"href":"https:\/\/itsmariagrande-ers.infd.edu.ar\/sitio\/wp-json\/wp\/v2\/types\/post"}],"author":[{"embeddable":true,"href":"https:\/\/itsmariagrande-ers.infd.edu.ar\/sitio\/wp-json\/wp\/v2\/users\/128"}],"replies":[{"embeddable":true,"href":"https:\/\/itsmariagrande-ers.infd.edu.ar\/sitio\/wp-json\/wp\/v2\/comments?post=1723"}],"version-history":[{"count":2,"href":"https:\/\/itsmariagrande-ers.infd.edu.ar\/sitio\/wp-json\/wp\/v2\/posts\/1723\/revisions"}],"predecessor-version":[{"id":1727,"href":"https:\/\/itsmariagrande-ers.infd.edu.ar\/sitio\/wp-json\/wp\/v2\/posts\/1723\/revisions\/1727"}],"wp:featuredmedia":[{"embeddable":true,"href":"https:\/\/itsmariagrande-ers.infd.edu.ar\/sitio\/wp-json\/wp\/v2\/media\/1725"}],"wp:attachment":[{"href":"https:\/\/itsmariagrande-ers.infd.edu.ar\/sitio\/wp-json\/wp\/v2\/media?parent=1723"}],"wp:term":[{"taxonomy":"category","embeddable":true,"href":"https:\/\/itsmariagrande-ers.infd.edu.ar\/sitio\/wp-json\/wp\/v2\/categories?post=1723"},{"taxonomy":"post_tag","embeddable":true,"href":"https:\/\/itsmariagrande-ers.infd.edu.ar\/sitio\/wp-json\/wp\/v2\/tags?post=1723"}],"curies":[{"name":"wp","href":"https:\/\/api.w.org\/{rel}","templated":true}]}}