{"id":1608,"date":"2018-08-18T00:12:47","date_gmt":"2018-08-18T03:12:47","guid":{"rendered":"https:\/\/itsmariagrande-ers.infd.edu.ar\/sitio\/?p=1608"},"modified":"2018-08-27T17:31:21","modified_gmt":"2018-08-27T20:31:21","slug":"jornada-institucional-en-el-i-e-s-republica-de-entre-rios-2","status":"publish","type":"post","link":"https:\/\/itsmariagrande-ers.infd.edu.ar\/sitio\/jornada-institucional-en-el-i-e-s-republica-de-entre-rios-2\/","title":{"rendered":"Jornada Institucional en el I.E.S. \u00abRep\u00fablica de Entre R\u00edos\u00bb"},"content":{"rendered":"<p style=\"text-align: Justify;\">Se llev\u00f3 a cabo, en la Sede del Instituto de Educaci\u00f3n Superior \u201cRep\u00fablica de Entre R\u00edos\u201d, una nueva Jornada Institucional en el marco del Programa Nacional de Formaci\u00f3n Situada (PNFS).<\/p>\n<p style=\"text-align: Justify;\">Con una gran convocatoria de docentes y estudiantes delegados de las distintas carreras del Instituto, la Jornada se desarroll\u00f3 durante la tarde del viernes 17 de agosto del corriente a\u00f1o.<\/p>\n<p style=\"text-align: Justify;\">En \u00e9sta oportunidad la mirada estuvo centrada en los avances del Proyecto Formativo Institucional (PFI), en el que est\u00e1n trabajando los docentes de dicha casa de estudios. Este Proyecto se basa en la creaci\u00f3n de un documento desde la pluralidad de las voces que transitan dicha casa de estudios \u201cEs nuestra propuesta formativa como Instituto Superior. Hacia d\u00f3nde queremos ir. Nuestro horizonte para pensar acciones y pr\u00e1cticas pedag\u00f3gicas y docentes. Nos dice qui\u00e9nes somos y d\u00f3nde queremos ir. Permite ofrecer \u201chospitalidad\u201d al que llega.\u201d As\u00ed fue presentada la propuesta de creaci\u00f3n del PFI durante la primer Jornada Institucional.<\/p>\n<p style=\"text-align: Justify;\">Para comenzar con la construcci\u00f3n del PFI, en la primer Jornada Institucional, los docentes del I.E.S. se dividieron en cinco grupos, cada uno con una tem\u00e1tica o componente a desarrollar. Fue as\u00ed que, en el transcurso de estas semanas, cada equipo fue trabajando y dando forma a su componente. Los avances obtenidos fueron presentados en \u00e9sta 2da. Jornada, mediante la exposici\u00f3n y socializaci\u00f3n del mismo.<\/p>\n<p style=\"text-align: Justify;\">Otra tem\u00e1tica abordada fue la sobre la continuidad y\/o solicitud de carreras para el ciclo lectivo 2019, respecto de \u00e9ste tema tambi\u00e9n se brind\u00f3 un espacio de intercambio y reflexi\u00f3n en torno a ello.<\/p>\n<p style=\"text-align: Justify;\">Tambi\u00e9n hubo un espacio para revisar cuestiones organizativas, pedag\u00f3gico did\u00e1cticas, para el 2do cuatrimestre del a\u00f1o. Se dio a conocer y reparti\u00f3 un calendario donde se detalla las actividades institucionales previstas para lo que resta del ciclo lectivo. Se expuso y explic\u00f3 una nueva propuesta de trabajo que consiste, b\u00e1sicamente, en llevar una memoria anual sobre las pr\u00e1cticas educativas desde cada espacio curricular.<\/p>\n<p>Estas fueron algunas de las tem\u00e1ticas abordadas y actividades realizadas durante la Jornada Institucional del PNFS.<\/p>\n<div id='gallery-1' class='gallery galleryid-1608 gallery-columns-2 gallery-size-medium'><figure class='gallery-item'>\n\t\t\t<div class='gallery-icon landscape'>\n\t\t\t\t<a href='https:\/\/itsmariagrande-ers.infd.edu.ar\/sitio\/jornada-institucional-en-el-i-e-s-republica-de-entre-rios-2\/dav-8\/#main'><img width=\"1000\" height=\"750\" src=\"https:\/\/itsmariagrande-ers.infd.edu.ar\/sitio\/wp-content\/uploads\/2018\/08\/2018-08-17-2da.-Jornada-Institucional-2018-01-1000x750.jpg\" class=\"attachment-medium size-medium\" alt=\"\" decoding=\"async\" loading=\"lazy\" srcset=\"https:\/\/itsmariagrande-ers.infd.edu.ar\/sitio\/wp-content\/uploads\/2018\/08\/2018-08-17-2da.-Jornada-Institucional-2018-01-1000x750.jpg 1000w, https:\/\/itsmariagrande-ers.infd.edu.ar\/sitio\/wp-content\/uploads\/2018\/08\/2018-08-17-2da.-Jornada-Institucional-2018-01-768x576.jpg 768w, https:\/\/itsmariagrande-ers.infd.edu.ar\/sitio\/wp-content\/uploads\/2018\/08\/2018-08-17-2da.-Jornada-Institucional-2018-01-1900x1425.jpg 1900w\" sizes=\"(max-width: 1000px) 100vw, 1000px\" \/><\/a>\n\t\t\t<\/div><\/figure><figure class='gallery-item'>\n\t\t\t<div class='gallery-icon landscape'>\n\t\t\t\t<a href='https:\/\/itsmariagrande-ers.infd.edu.ar\/sitio\/jornada-institucional-en-el-i-e-s-republica-de-entre-rios-2\/dav-9\/#main'><img width=\"1000\" height=\"750\" src=\"https:\/\/itsmariagrande-ers.infd.edu.ar\/sitio\/wp-content\/uploads\/2018\/08\/2018-08-17-Jornada-Institucional-2018-02-1000x750.jpg\" class=\"attachment-medium size-medium\" alt=\"\" decoding=\"async\" loading=\"lazy\" srcset=\"https:\/\/itsmariagrande-ers.infd.edu.ar\/sitio\/wp-content\/uploads\/2018\/08\/2018-08-17-Jornada-Institucional-2018-02-1000x750.jpg 1000w, https:\/\/itsmariagrande-ers.infd.edu.ar\/sitio\/wp-content\/uploads\/2018\/08\/2018-08-17-Jornada-Institucional-2018-02-768x576.jpg 768w, https:\/\/itsmariagrande-ers.infd.edu.ar\/sitio\/wp-content\/uploads\/2018\/08\/2018-08-17-Jornada-Institucional-2018-02-1900x1425.jpg 1900w\" sizes=\"(max-width: 1000px) 100vw, 1000px\" \/><\/a>\n\t\t\t<\/div><\/figure><figure class='gallery-item'>\n\t\t\t<div class='gallery-icon portrait'>\n\t\t\t\t<a href='https:\/\/itsmariagrande-ers.infd.edu.ar\/sitio\/jornada-institucional-en-el-i-e-s-republica-de-entre-rios-2\/2018-08-17-jornada-institucional-2018-03\/#main'><img width=\"750\" height=\"1000\" src=\"https:\/\/itsmariagrande-ers.infd.edu.ar\/sitio\/wp-content\/uploads\/2018\/08\/2018-08-17-Jornada-Institucional-2018-03-e1534561902203-750x1000.jpg\" class=\"attachment-medium size-medium\" alt=\"\" decoding=\"async\" loading=\"lazy\" srcset=\"https:\/\/itsmariagrande-ers.infd.edu.ar\/sitio\/wp-content\/uploads\/2018\/08\/2018-08-17-Jornada-Institucional-2018-03-e1534561902203-750x1000.jpg 750w, https:\/\/itsmariagrande-ers.infd.edu.ar\/sitio\/wp-content\/uploads\/2018\/08\/2018-08-17-Jornada-Institucional-2018-03-e1534561902203-768x1024.jpg 768w, https:\/\/itsmariagrande-ers.infd.edu.ar\/sitio\/wp-content\/uploads\/2018\/08\/2018-08-17-Jornada-Institucional-2018-03-e1534561902203-1425x1900.jpg 1425w\" sizes=\"(max-width: 750px) 100vw, 750px\" \/><\/a>\n\t\t\t<\/div><\/figure><figure class='gallery-item'>\n\t\t\t<div class='gallery-icon portrait'>\n\t\t\t\t<a href='https:\/\/itsmariagrande-ers.infd.edu.ar\/sitio\/jornada-institucional-en-el-i-e-s-republica-de-entre-rios-2\/2018-08-17-jornada-institucional-2018-04\/#main'><img width=\"750\" height=\"1000\" src=\"https:\/\/itsmariagrande-ers.infd.edu.ar\/sitio\/wp-content\/uploads\/2018\/08\/2018-08-17-Jornada-Institucional-2018-04-e1534561888715-750x1000.jpg\" class=\"attachment-medium size-medium\" alt=\"\" decoding=\"async\" loading=\"lazy\" srcset=\"https:\/\/itsmariagrande-ers.infd.edu.ar\/sitio\/wp-content\/uploads\/2018\/08\/2018-08-17-Jornada-Institucional-2018-04-e1534561888715-750x1000.jpg 750w, https:\/\/itsmariagrande-ers.infd.edu.ar\/sitio\/wp-content\/uploads\/2018\/08\/2018-08-17-Jornada-Institucional-2018-04-e1534561888715-768x1024.jpg 768w, https:\/\/itsmariagrande-ers.infd.edu.ar\/sitio\/wp-content\/uploads\/2018\/08\/2018-08-17-Jornada-Institucional-2018-04-e1534561888715-1425x1900.jpg 1425w\" sizes=\"(max-width: 750px) 100vw, 750px\" \/><\/a>\n\t\t\t<\/div><\/figure><figure class='gallery-item'>\n\t\t\t<div class='gallery-icon landscape'>\n\t\t\t\t<a href='https:\/\/itsmariagrande-ers.infd.edu.ar\/sitio\/jornada-institucional-en-el-i-e-s-republica-de-entre-rios-2\/2018-08-17-jornada-institucional-2018-05-1\/#main'><img width=\"1000\" height=\"750\" src=\"https:\/\/itsmariagrande-ers.infd.edu.ar\/sitio\/wp-content\/uploads\/2018\/08\/2018-08-17-Jornada-Institucional-2018-05.1-1000x750.jpg\" class=\"attachment-medium size-medium\" alt=\"\" decoding=\"async\" loading=\"lazy\" srcset=\"https:\/\/itsmariagrande-ers.infd.edu.ar\/sitio\/wp-content\/uploads\/2018\/08\/2018-08-17-Jornada-Institucional-2018-05.1-1000x750.jpg 1000w, https:\/\/itsmariagrande-ers.infd.edu.ar\/sitio\/wp-content\/uploads\/2018\/08\/2018-08-17-Jornada-Institucional-2018-05.1-768x576.jpg 768w, https:\/\/itsmariagrande-ers.infd.edu.ar\/sitio\/wp-content\/uploads\/2018\/08\/2018-08-17-Jornada-Institucional-2018-05.1-1900x1425.jpg 1900w\" sizes=\"(max-width: 1000px) 100vw, 1000px\" \/><\/a>\n\t\t\t<\/div><\/figure><figure class='gallery-item'>\n\t\t\t<div class='gallery-icon landscape'>\n\t\t\t\t<a href='https:\/\/itsmariagrande-ers.infd.edu.ar\/sitio\/jornada-institucional-en-el-i-e-s-republica-de-entre-rios-2\/2018-08-17-jornada-institucional-2018-05-2\/#main'><img width=\"1000\" height=\"750\" src=\"https:\/\/itsmariagrande-ers.infd.edu.ar\/sitio\/wp-content\/uploads\/2018\/08\/2018-08-17-Jornada-Institucional-2018-05.2-1000x750.jpg\" class=\"attachment-medium size-medium\" alt=\"\" decoding=\"async\" loading=\"lazy\" srcset=\"https:\/\/itsmariagrande-ers.infd.edu.ar\/sitio\/wp-content\/uploads\/2018\/08\/2018-08-17-Jornada-Institucional-2018-05.2-1000x750.jpg 1000w, https:\/\/itsmariagrande-ers.infd.edu.ar\/sitio\/wp-content\/uploads\/2018\/08\/2018-08-17-Jornada-Institucional-2018-05.2-768x576.jpg 768w, https:\/\/itsmariagrande-ers.infd.edu.ar\/sitio\/wp-content\/uploads\/2018\/08\/2018-08-17-Jornada-Institucional-2018-05.2-1900x1425.jpg 1900w\" sizes=\"(max-width: 1000px) 100vw, 1000px\" \/><\/a>\n\t\t\t<\/div><\/figure><figure class='gallery-item'>\n\t\t\t<div class='gallery-icon landscape'>\n\t\t\t\t<a href='https:\/\/itsmariagrande-ers.infd.edu.ar\/sitio\/jornada-institucional-en-el-i-e-s-republica-de-entre-rios-2\/2018-08-17-jornada-institucional-2018-06\/#main'><img width=\"1000\" height=\"750\" src=\"https:\/\/itsmariagrande-ers.infd.edu.ar\/sitio\/wp-content\/uploads\/2018\/08\/2018-08-17-Jornada-Institucional-2018-06-1000x750.jpg\" class=\"attachment-medium size-medium\" alt=\"\" decoding=\"async\" loading=\"lazy\" srcset=\"https:\/\/itsmariagrande-ers.infd.edu.ar\/sitio\/wp-content\/uploads\/2018\/08\/2018-08-17-Jornada-Institucional-2018-06-1000x750.jpg 1000w, https:\/\/itsmariagrande-ers.infd.edu.ar\/sitio\/wp-content\/uploads\/2018\/08\/2018-08-17-Jornada-Institucional-2018-06-768x576.jpg 768w, https:\/\/itsmariagrande-ers.infd.edu.ar\/sitio\/wp-content\/uploads\/2018\/08\/2018-08-17-Jornada-Institucional-2018-06-1900x1425.jpg 1900w\" sizes=\"(max-width: 1000px) 100vw, 1000px\" \/><\/a>\n\t\t\t<\/div><\/figure><figure class='gallery-item'>\n\t\t\t<div class='gallery-icon landscape'>\n\t\t\t\t<a href='https:\/\/itsmariagrande-ers.infd.edu.ar\/sitio\/jornada-institucional-en-el-i-e-s-republica-de-entre-rios-2\/dav-10\/#main'><img width=\"1000\" height=\"750\" src=\"https:\/\/itsmariagrande-ers.infd.edu.ar\/sitio\/wp-content\/uploads\/2018\/08\/2018-08-17-Jornada-Institucional-2018-07-1000x750.jpg\" class=\"attachment-medium size-medium\" alt=\"\" decoding=\"async\" loading=\"lazy\" srcset=\"https:\/\/itsmariagrande-ers.infd.edu.ar\/sitio\/wp-content\/uploads\/2018\/08\/2018-08-17-Jornada-Institucional-2018-07-1000x750.jpg 1000w, https:\/\/itsmariagrande-ers.infd.edu.ar\/sitio\/wp-content\/uploads\/2018\/08\/2018-08-17-Jornada-Institucional-2018-07-768x576.jpg 768w, https:\/\/itsmariagrande-ers.infd.edu.ar\/sitio\/wp-content\/uploads\/2018\/08\/2018-08-17-Jornada-Institucional-2018-07-1900x1425.jpg 1900w\" sizes=\"(max-width: 1000px) 100vw, 1000px\" \/><\/a>\n\t\t\t<\/div><\/figure><figure class='gallery-item'>\n\t\t\t<div class='gallery-icon landscape'>\n\t\t\t\t<a href='https:\/\/itsmariagrande-ers.infd.edu.ar\/sitio\/jornada-institucional-en-el-i-e-s-republica-de-entre-rios-2\/2018-08-17-jornada-institucional-2018-08\/#main'><img width=\"1000\" height=\"750\" src=\"https:\/\/itsmariagrande-ers.infd.edu.ar\/sitio\/wp-content\/uploads\/2018\/08\/2018-08-17-Jornada-Institucional-2018-08-1000x750.jpg\" class=\"attachment-medium size-medium\" alt=\"\" decoding=\"async\" loading=\"lazy\" srcset=\"https:\/\/itsmariagrande-ers.infd.edu.ar\/sitio\/wp-content\/uploads\/2018\/08\/2018-08-17-Jornada-Institucional-2018-08-1000x750.jpg 1000w, https:\/\/itsmariagrande-ers.infd.edu.ar\/sitio\/wp-content\/uploads\/2018\/08\/2018-08-17-Jornada-Institucional-2018-08-768x576.jpg 768w, https:\/\/itsmariagrande-ers.infd.edu.ar\/sitio\/wp-content\/uploads\/2018\/08\/2018-08-17-Jornada-Institucional-2018-08-1900x1425.jpg 1900w\" sizes=\"(max-width: 1000px) 100vw, 1000px\" \/><\/a>\n\t\t\t<\/div><\/figure><figure class='gallery-item'>\n\t\t\t<div class='gallery-icon landscape'>\n\t\t\t\t<a href='https:\/\/itsmariagrande-ers.infd.edu.ar\/sitio\/jornada-institucional-en-el-i-e-s-republica-de-entre-rios-2\/dav-11\/#main'><img width=\"1000\" height=\"750\" src=\"https:\/\/itsmariagrande-ers.infd.edu.ar\/sitio\/wp-content\/uploads\/2018\/08\/2018-08-17-Jornada-Institucional-2018-09-1000x750.jpg\" class=\"attachment-medium size-medium\" alt=\"\" decoding=\"async\" loading=\"lazy\" srcset=\"https:\/\/itsmariagrande-ers.infd.edu.ar\/sitio\/wp-content\/uploads\/2018\/08\/2018-08-17-Jornada-Institucional-2018-09-1000x750.jpg 1000w, https:\/\/itsmariagrande-ers.infd.edu.ar\/sitio\/wp-content\/uploads\/2018\/08\/2018-08-17-Jornada-Institucional-2018-09-768x576.jpg 768w, https:\/\/itsmariagrande-ers.infd.edu.ar\/sitio\/wp-content\/uploads\/2018\/08\/2018-08-17-Jornada-Institucional-2018-09-1900x1425.jpg 1900w\" sizes=\"(max-width: 1000px) 100vw, 1000px\" \/><\/a>\n\t\t\t<\/div><\/figure><figure class='gallery-item'>\n\t\t\t<div class='gallery-icon landscape'>\n\t\t\t\t<a href='https:\/\/itsmariagrande-ers.infd.edu.ar\/sitio\/jornada-institucional-en-el-i-e-s-republica-de-entre-rios-2\/dav-12\/#main'><img width=\"1000\" height=\"750\" src=\"https:\/\/itsmariagrande-ers.infd.edu.ar\/sitio\/wp-content\/uploads\/2018\/08\/2018-08-17-Jornada-Institucional-2018-10-1000x750.jpg\" class=\"attachment-medium size-medium\" alt=\"\" decoding=\"async\" loading=\"lazy\" srcset=\"https:\/\/itsmariagrande-ers.infd.edu.ar\/sitio\/wp-content\/uploads\/2018\/08\/2018-08-17-Jornada-Institucional-2018-10-1000x750.jpg 1000w, https:\/\/itsmariagrande-ers.infd.edu.ar\/sitio\/wp-content\/uploads\/2018\/08\/2018-08-17-Jornada-Institucional-2018-10-768x576.jpg 768w, https:\/\/itsmariagrande-ers.infd.edu.ar\/sitio\/wp-content\/uploads\/2018\/08\/2018-08-17-Jornada-Institucional-2018-10-1900x1425.jpg 1900w\" sizes=\"(max-width: 1000px) 100vw, 1000px\" \/><\/a>\n\t\t\t<\/div><\/figure><figure class='gallery-item'>\n\t\t\t<div class='gallery-icon landscape'>\n\t\t\t\t<a href='https:\/\/itsmariagrande-ers.infd.edu.ar\/sitio\/jornada-institucional-en-el-i-e-s-republica-de-entre-rios-2\/dav-13\/#main'><img width=\"1000\" height=\"750\" src=\"https:\/\/itsmariagrande-ers.infd.edu.ar\/sitio\/wp-content\/uploads\/2018\/08\/2018-08-17-Jornada-Institucional-2018-11-1000x750.jpg\" class=\"attachment-medium size-medium\" alt=\"\" decoding=\"async\" loading=\"lazy\" srcset=\"https:\/\/itsmariagrande-ers.infd.edu.ar\/sitio\/wp-content\/uploads\/2018\/08\/2018-08-17-Jornada-Institucional-2018-11-1000x750.jpg 1000w, https:\/\/itsmariagrande-ers.infd.edu.ar\/sitio\/wp-content\/uploads\/2018\/08\/2018-08-17-Jornada-Institucional-2018-11-768x576.jpg 768w, https:\/\/itsmariagrande-ers.infd.edu.ar\/sitio\/wp-content\/uploads\/2018\/08\/2018-08-17-Jornada-Institucional-2018-11-1900x1425.jpg 1900w\" sizes=\"(max-width: 1000px) 100vw, 1000px\" \/><\/a>\n\t\t\t<\/div><\/figure><figure class='gallery-item'>\n\t\t\t<div class='gallery-icon landscape'>\n\t\t\t\t<a href='https:\/\/itsmariagrande-ers.infd.edu.ar\/sitio\/jornada-institucional-en-el-i-e-s-republica-de-entre-rios-2\/dav-14\/#main'><img width=\"1000\" height=\"750\" src=\"https:\/\/itsmariagrande-ers.infd.edu.ar\/sitio\/wp-content\/uploads\/2018\/08\/2018-08-17-Jornada-Institucional-2018-12-1000x750.jpg\" class=\"attachment-medium size-medium\" alt=\"\" decoding=\"async\" loading=\"lazy\" srcset=\"https:\/\/itsmariagrande-ers.infd.edu.ar\/sitio\/wp-content\/uploads\/2018\/08\/2018-08-17-Jornada-Institucional-2018-12-1000x750.jpg 1000w, https:\/\/itsmariagrande-ers.infd.edu.ar\/sitio\/wp-content\/uploads\/2018\/08\/2018-08-17-Jornada-Institucional-2018-12-768x576.jpg 768w, https:\/\/itsmariagrande-ers.infd.edu.ar\/sitio\/wp-content\/uploads\/2018\/08\/2018-08-17-Jornada-Institucional-2018-12-1900x1425.jpg 1900w\" sizes=\"(max-width: 1000px) 100vw, 1000px\" \/><\/a>\n\t\t\t<\/div><\/figure><figure class='gallery-item'>\n\t\t\t<div class='gallery-icon landscape'>\n\t\t\t\t<a href='https:\/\/itsmariagrande-ers.infd.edu.ar\/sitio\/jornada-institucional-en-el-i-e-s-republica-de-entre-rios-2\/dav-15\/#main'><img width=\"1000\" height=\"750\" src=\"https:\/\/itsmariagrande-ers.infd.edu.ar\/sitio\/wp-content\/uploads\/2018\/08\/2018-08-17-Jornada-Institucional-2018-13-1000x750.jpg\" class=\"attachment-medium size-medium\" alt=\"\" decoding=\"async\" loading=\"lazy\" srcset=\"https:\/\/itsmariagrande-ers.infd.edu.ar\/sitio\/wp-content\/uploads\/2018\/08\/2018-08-17-Jornada-Institucional-2018-13-1000x750.jpg 1000w, https:\/\/itsmariagrande-ers.infd.edu.ar\/sitio\/wp-content\/uploads\/2018\/08\/2018-08-17-Jornada-Institucional-2018-13-768x576.jpg 768w, https:\/\/itsmariagrande-ers.infd.edu.ar\/sitio\/wp-content\/uploads\/2018\/08\/2018-08-17-Jornada-Institucional-2018-13-1900x1425.jpg 1900w\" sizes=\"(max-width: 1000px) 100vw, 1000px\" \/><\/a>\n\t\t\t<\/div><\/figure><figure class='gallery-item'>\n\t\t\t<div class='gallery-icon landscape'>\n\t\t\t\t<a href='https:\/\/itsmariagrande-ers.infd.edu.ar\/sitio\/jornada-institucional-en-el-i-e-s-republica-de-entre-rios-2\/dav-16\/#main'><img width=\"1000\" height=\"750\" src=\"https:\/\/itsmariagrande-ers.infd.edu.ar\/sitio\/wp-content\/uploads\/2018\/08\/2018-08-17-Jornada-Institucional-2018-14-1000x750.jpg\" class=\"attachment-medium size-medium\" alt=\"\" decoding=\"async\" loading=\"lazy\" srcset=\"https:\/\/itsmariagrande-ers.infd.edu.ar\/sitio\/wp-content\/uploads\/2018\/08\/2018-08-17-Jornada-Institucional-2018-14-1000x750.jpg 1000w, https:\/\/itsmariagrande-ers.infd.edu.ar\/sitio\/wp-content\/uploads\/2018\/08\/2018-08-17-Jornada-Institucional-2018-14-768x576.jpg 768w, https:\/\/itsmariagrande-ers.infd.edu.ar\/sitio\/wp-content\/uploads\/2018\/08\/2018-08-17-Jornada-Institucional-2018-14-1900x1425.jpg 1900w\" sizes=\"(max-width: 1000px) 100vw, 1000px\" \/><\/a>\n\t\t\t<\/div><\/figure>\n\t\t<\/div>\n\n<p style=\"text-align: Justify;\">\n","protected":false},"excerpt":{"rendered":"<p>Se llev\u00f3 a cabo, en la Sede del Instituto de Educaci\u00f3n Superior \u201cRep\u00fablica de Entre R\u00edos\u201d, una nueva Jornada Institucional en el marco del Programa Nacional de Formaci\u00f3n Situada (PNFS). Con una gran convocatoria de docentes y estudiantes delegados de las distintas carreras del Instituto, la Jornada se desarroll\u00f3 durante la tarde del viernes 17 &#8230; <a title=\"Jornada Institucional en el I.E.S. \u00abRep\u00fablica de Entre R\u00edos\u00bb\" class=\"read-more\" href=\"https:\/\/itsmariagrande-ers.infd.edu.ar\/sitio\/jornada-institucional-en-el-i-e-s-republica-de-entre-rios-2\/\" aria-label=\"More on Jornada Institucional en el I.E.S. \u00abRep\u00fablica de Entre R\u00edos\u00bb\">[+]<\/a><\/p>\n","protected":false},"author":128,"featured_media":1623,"comment_status":"open","ping_status":"open","sticky":false,"template":"","format":"standard","meta":[],"categories":[7,6],"tags":[],"acf":[],"_links":{"self":[{"href":"https:\/\/itsmariagrande-ers.infd.edu.ar\/sitio\/wp-json\/wp\/v2\/posts\/1608"}],"collection":[{"href":"https:\/\/itsmariagrande-ers.infd.edu.ar\/sitio\/wp-json\/wp\/v2\/posts"}],"about":[{"href":"https:\/\/itsmariagrande-ers.infd.edu.ar\/sitio\/wp-json\/wp\/v2\/types\/post"}],"author":[{"embeddable":true,"href":"https:\/\/itsmariagrande-ers.infd.edu.ar\/sitio\/wp-json\/wp\/v2\/users\/128"}],"replies":[{"embeddable":true,"href":"https:\/\/itsmariagrande-ers.infd.edu.ar\/sitio\/wp-json\/wp\/v2\/comments?post=1608"}],"version-history":[{"count":1,"href":"https:\/\/itsmariagrande-ers.infd.edu.ar\/sitio\/wp-json\/wp\/v2\/posts\/1608\/revisions"}],"predecessor-version":[{"id":1624,"href":"https:\/\/itsmariagrande-ers.infd.edu.ar\/sitio\/wp-json\/wp\/v2\/posts\/1608\/revisions\/1624"}],"wp:featuredmedia":[{"embeddable":true,"href":"https:\/\/itsmariagrande-ers.infd.edu.ar\/sitio\/wp-json\/wp\/v2\/media\/1623"}],"wp:attachment":[{"href":"https:\/\/itsmariagrande-ers.infd.edu.ar\/sitio\/wp-json\/wp\/v2\/media?parent=1608"}],"wp:term":[{"taxonomy":"category","embeddable":true,"href":"https:\/\/itsmariagrande-ers.infd.edu.ar\/sitio\/wp-json\/wp\/v2\/categories?post=1608"},{"taxonomy":"post_tag","embeddable":true,"href":"https:\/\/itsmariagrande-ers.infd.edu.ar\/sitio\/wp-json\/wp\/v2\/tags?post=1608"}],"curies":[{"name":"wp","href":"https:\/\/api.w.org\/{rel}","templated":true}]}}