{"id":1309,"date":"2017-08-17T00:00:00","date_gmt":"2017-08-17T00:00:00","guid":{"rendered":"https:\/\/itsmariagrande-ers.infd.edu.ar\/sitio\/2do-encuentro-del-proyecto-de-formacion-y-vinculacion-interinstitucional-2017\/"},"modified":"2017-08-17T00:00:00","modified_gmt":"2017-08-17T00:00:00","slug":"2do-encuentro-del-proyecto-de-formacion-y-vinculacion-interinstitucional-2017","status":"publish","type":"post","link":"https:\/\/itsmariagrande-ers.infd.edu.ar\/sitio\/2do-encuentro-del-proyecto-de-formacion-y-vinculacion-interinstitucional-2017\/","title":{"rendered":"2do. encuentro del Proyecto de Formaci\u00f3n y Vinculaci\u00f3n interinstitucional 2017"},"content":{"rendered":"<p class=\"sitio_noticia_volanta\" >Acad\u00e9micos<\/p>\n<h3>2do. encuentro del Proyecto de Formaci\u00f3n y Vinculaci\u00f3n interinstitucional 2017<\/h3>\n<p class=\"sitio_noticia_copete\" >\n<hr class=\"sitio_noticia_contenido\" \/>\n<p >\n<p style=\"text-align: justify;\"><span style=\"font-family: verdana,geneva; font-size: 10pt;\">El d&iacute;a 16 de agosto del corriente, en la Sede del Instituto de Educaci&oacute;n Superior &ldquo;Rep&uacute;blica de Entre R&iacute;os&rdquo; de la Ciudad de Mar&iacute;a Grande se llev&oacute; adelante el segundo Encuentro en el marco del Proyecto de Formaci&oacute;n y Vinculaci&oacute;n interinstitucional dirigido a directivos, asesores pedag&oacute;gicos, y docentes co-formadores de las instituciones asociadas.<\/span><\/p>\n<p style=\"text-align: justify;\"><span style=\"font-family: verdana,geneva; font-size: 10pt;\">En esta oportunidad se desarroll&oacute; el taller, &ldquo;<em><strong>Ideas pracTIC para innovar en el aula<\/strong><\/em>&rdquo;,a cargo del Prof. Luis Vega.<\/span><\/p>\n<p style=\"text-align: justify;\"><span style=\"font-family: verdana,geneva; font-size: 10pt;\">El pr&oacute;ximo encuentro est&aacute; previsto para el 1 de septiembre. Agradecemos a los docentes de las instituciones asociadas que nos acompa&ntilde;aron en esta jornada de formaci&oacute;n.<\/span><\/p>\n<p style=\"text-align: justify;\">&nbsp;<img decoding=\"async\" style=\"border: 0;\" title=\"2do. Encuentro presencial del Proyecto de Formaci&oacute;n 2017\" src=\"https:\/\/itsmariagrande-ers.infd.edu.ar\/sitio\/wp-content\/uploads\/2018\/07\/WhatsApp_Image_2017-08-17_at_08.52.19.jpeg\" border=\"0\" alt=\"2do. Encuentro presencial del Proyecto de Formaci&oacute;n 2017\" width=\"100%\"><\/p>\n<p style=\"text-align: justify;\"><img decoding=\"async\" style=\"border: 0;\" title=\"2do. Encuentro presencial del Proyecto de Formaci&oacute;n 2017\" src=\"https:\/\/itsmariagrande-ers.infd.edu.ar\/sitio\/wp-content\/uploads\/2018\/07\/WhatsApp_Image_2017-08-17_at_08.52.20.jpeg\" border=\"0\" alt=\"2do. Encuentro presencial del Proyecto de Formaci&oacute;n 2017\" width=\"100%\"><\/p>\n<p style=\"text-align: justify;\"><img decoding=\"async\" style=\"border: 0;\" title=\"2do. Encuentro presencial del Proyecto de Formaci&oacute;n 2017\" src=\"https:\/\/itsmariagrande-ers.infd.edu.ar\/sitio\/wp-content\/uploads\/2018\/07\/WhatsApp_Image_2017-08-17_at_08.52.22.jpeg\" border=\"0\" alt=\"2do. Encuentro presencial del Proyecto de Formaci&oacute;n 2017\" width=\"100%\"><\/p>\n<p style=\"text-align: justify;\"><img decoding=\"async\" style=\"border: 0;\" title=\"2do. Encuentro presencial del Proyecto de Formaci&oacute;n 2017\" src=\"https:\/\/itsmariagrande-ers.infd.edu.ar\/sitio\/wp-content\/uploads\/2018\/07\/WhatsApp_Image_2017-08-17_at_08.52.24.jpeg\" border=\"0\" alt=\"2do. Encuentro presencial del Proyecto de Formaci&oacute;n 2017\" width=\"100%\"><\/p>\n<p style=\"text-align: justify;\"><img decoding=\"async\" style=\"border: 0;\" title=\"2do. Encuentro presencial del Proyecto de Formaci&oacute;n 2017\" src=\"https:\/\/itsmariagrande-ers.infd.edu.ar\/sitio\/wp-content\/uploads\/2018\/07\/WhatsApp_Image_2017-08-17_at_08.52.25.jpeg\" border=\"0\" alt=\"2do. Encuentro presencial del Proyecto de Formaci&oacute;n 2017\" width=\"100%\"><\/p>\n<p style=\"text-align: justify;\"><span style=\"font-family: verdana,geneva; font-size: 10pt;\">Noticia relacionada: <a title=\"Proyecto de Formaci&oacute;n y Vinculaci&oacute;n interinstitucional 2017\" href=\"index.cgi?wid_news=86&amp;wAccion=news\">Proyecto de Formaci&oacute;n y Vinculaci&oacute;n interinstitucional 2017: Primer encuentro<\/a><\/span><\/p>\n<p style=\"text-align: justify;\">&nbsp;<\/p><\/p>\n","protected":false},"excerpt":{"rendered":"<p>Acad\u00e9micos 2do. encuentro del Proyecto de Formaci\u00f3n y Vinculaci\u00f3n interinstitucional 2017 El d&iacute;a 16 de agosto del corriente, en la Sede del Instituto de Educaci&oacute;n Superior &ldquo;Rep&uacute;blica de Entre R&iacute;os&rdquo; de la Ciudad de Mar&iacute;a Grande se llev&oacute; adelante el segundo Encuentro en el marco del Proyecto de Formaci&oacute;n y Vinculaci&oacute;n interinstitucional dirigido a directivos, &#8230; <a title=\"2do. encuentro del Proyecto de Formaci\u00f3n y Vinculaci\u00f3n interinstitucional 2017\" class=\"read-more\" href=\"https:\/\/itsmariagrande-ers.infd.edu.ar\/sitio\/2do-encuentro-del-proyecto-de-formacion-y-vinculacion-interinstitucional-2017\/\" aria-label=\"More on 2do. encuentro del Proyecto de Formaci\u00f3n y Vinculaci\u00f3n interinstitucional 2017\">[+]<\/a><\/p>\n","protected":false},"author":128,"featured_media":0,"comment_status":"open","ping_status":"open","sticky":false,"template":"","format":"standard","meta":[],"categories":[7,6],"tags":[],"acf":[],"_links":{"self":[{"href":"https:\/\/itsmariagrande-ers.infd.edu.ar\/sitio\/wp-json\/wp\/v2\/posts\/1309"}],"collection":[{"href":"https:\/\/itsmariagrande-ers.infd.edu.ar\/sitio\/wp-json\/wp\/v2\/posts"}],"about":[{"href":"https:\/\/itsmariagrande-ers.infd.edu.ar\/sitio\/wp-json\/wp\/v2\/types\/post"}],"author":[{"embeddable":true,"href":"https:\/\/itsmariagrande-ers.infd.edu.ar\/sitio\/wp-json\/wp\/v2\/users\/128"}],"replies":[{"embeddable":true,"href":"https:\/\/itsmariagrande-ers.infd.edu.ar\/sitio\/wp-json\/wp\/v2\/comments?post=1309"}],"version-history":[{"count":0,"href":"https:\/\/itsmariagrande-ers.infd.edu.ar\/sitio\/wp-json\/wp\/v2\/posts\/1309\/revisions"}],"wp:attachment":[{"href":"https:\/\/itsmariagrande-ers.infd.edu.ar\/sitio\/wp-json\/wp\/v2\/media?parent=1309"}],"wp:term":[{"taxonomy":"category","embeddable":true,"href":"https:\/\/itsmariagrande-ers.infd.edu.ar\/sitio\/wp-json\/wp\/v2\/categories?post=1309"},{"taxonomy":"post_tag","embeddable":true,"href":"https:\/\/itsmariagrande-ers.infd.edu.ar\/sitio\/wp-json\/wp\/v2\/tags?post=1309"}],"curies":[{"name":"wp","href":"https:\/\/api.w.org\/{rel}","templated":true}]}}