{"id":1283,"date":"2017-02-13T00:00:00","date_gmt":"2017-02-13T00:00:00","guid":{"rendered":"https:\/\/itsmariagrande-ers.infd.edu.ar\/sitio\/calendario-escolar-2017-para-entre-rios\/"},"modified":"2017-02-13T00:00:00","modified_gmt":"2017-02-13T00:00:00","slug":"calendario-escolar-2017-para-entre-rios","status":"publish","type":"post","link":"https:\/\/itsmariagrande-ers.infd.edu.ar\/sitio\/calendario-escolar-2017-para-entre-rios\/","title":{"rendered":"Calendario Escolar 2017 para Entre R\u00edos"},"content":{"rendered":"<p class=\"sitio_noticia_volanta\" >De inter\u00e9s general<\/p>\n<h3>Calendario Escolar 2017 para Entre R\u00edos<\/h3>\n<p class=\"sitio_noticia_copete\" >El Consejo General de Educaci\u00f3n \u0096CGE\u0096 aprob\u00f3 el Calendario Escolar 2017 para toda la provincia.<\/p>\n<hr class=\"sitio_noticia_contenido\" \/>\n<p >\n<p><span style=\"font-family: verdana, geneva; font-size: 10pt;\">A trav&eacute;s de la <a title=\"16-4400 - Calendario Escolar 2017\" href=\"upload\/Resolucion-4400-16.pdf\" target=\"_blank\">Resoluci&oacute;n N&deg; 4400<\/a>, las autoridades gubernamentales dieron a conocer el cronograma de fechas para el a&ntilde;o lectivo 2017.<\/span><\/p>\n<p><span style=\"font-family: verdana, geneva; font-size: 10pt;\">Por su parte, la Direcci&oacute;n de Educaci&oacute;n Superior dependiente del CGE, dio a conocer la <a title=\"16-10 - Disposici&oacute;n Calendario Escolar 2017\" href=\"upload\/2017_-_Ddisposicion_-_Calendario_2017.pdf\" target=\"_blank\">Disposici&oacute;n N&deg; 10<\/a> mediante la cual aprueba el mencionado Calendario Escolar e informa las fechas y las actividades acad&eacute;micas a desarrollar en los Institutos de Nivel Superior de la Provincia.<\/span><\/p>\n<p><strong><span style=\"font-family: verdana, geneva; font-size: 10pt;\">Resumen de fechas a tener en cuenta:<\/span><\/strong><\/p>\n<ul>\n<li><span style=\"font-family: verdana, geneva; font-size: 10pt;\">Presentaci&oacute;n de directivos y docentes: 22 de Febrero<\/span><\/li>\n<li><span style=\"font-family: verdana, geneva; font-size: 10pt;\">D&iacute;a Institucional: 23 de Febrero.<\/span><\/li>\n<li><span style=\"font-family: verdana, geneva; font-size: 10pt;\">Mesas de Ex&aacute;menes Finales: 23 de Febrero al 23 de Marzo<\/span><\/li>\n<li><span style=\"font-family: verdana, geneva; font-size: 10pt;\">Ciclo Introductorio para Primer A&ntilde;o: del 06 al 24 de Marzo<\/span><\/li>\n<li><span style=\"font-family: verdana, geneva; font-size: 10pt;\">Inicio de clases: 27 de Marzo<\/span><\/li>\n<li><span style=\"font-family: verdana, geneva; font-size: 10pt;\">Receso Acad&eacute;mico de Invierno: 10 al 21 de Julio<\/span><\/li>\n<li><span style=\"font-family: verdana, geneva; font-size: 10pt;\">Mesas de Ex&aacute;menes Finales: 24 de Julio al 4 de Agosto<\/span><\/li>\n<li><span style=\"font-family: verdana, geneva; font-size: 10pt;\">Inicio 2do. Cuatrimestre: 7 de agosto<\/span><\/li>\n<li><span style=\"font-family: verdana, geneva; font-size: 10pt;\">Finalizaci&oacute;n de Clases: 17 de Noviembre.<\/span><\/li>\n<li><span style=\"font-family: verdana, geneva; font-size: 10pt;\">Mesas de Ex&aacute;menes Finales: 27 de Noviembre al 16 de Diciembre<\/span><\/li>\n<li><span style=\"font-family: verdana, geneva; font-size: 10pt;\">Finalizaci&oacute;n de actividades escolares: 15 de Diciembre.<\/span><\/li>\n<\/ul>\n<p><span style=\"font-family: verdana, geneva; font-size: 10pt;\">Para descargar la Disposici&oacute;n N&deg; 10 del la D.E.S., <a title=\"16-10 - Disposici&oacute;n Calendario Escolar 2017\" href=\"upload\/2017_-_Ddisposicion_-_Calendario_2017.pdf\" target=\"_blank\">hacer clic aqu&iacute;<\/a><\/span><br \/><span style=\"font-family: verdana, geneva; font-size: 10pt;\">Para descargar la Res. N&deg; 4400 del C.G.E., <a title=\"16-4400 - Calendario Escolar 2017\" href=\"upload\/Resolucion-4400-16.pdf\" target=\"_blank\">hacer clic aqu&iacute;<\/a><\/span><\/p><\/p>\n","protected":false},"excerpt":{"rendered":"<p>De inter\u00e9s general Calendario Escolar 2017 para Entre R\u00edos El Consejo General de Educaci\u00f3n \u0096CGE\u0096 aprob\u00f3 el Calendario Escolar 2017 para toda la provincia. A trav&eacute;s de la Resoluci&oacute;n N&deg; 4400, las autoridades gubernamentales dieron a conocer el cronograma de fechas para el a&ntilde;o lectivo 2017. Por su parte, la Direcci&oacute;n de Educaci&oacute;n Superior dependiente &#8230; <a title=\"Calendario Escolar 2017 para Entre R\u00edos\" class=\"read-more\" href=\"https:\/\/itsmariagrande-ers.infd.edu.ar\/sitio\/calendario-escolar-2017-para-entre-rios\/\" aria-label=\"More on Calendario Escolar 2017 para Entre R\u00edos\">[+]<\/a><\/p>\n","protected":false},"author":128,"featured_media":0,"comment_status":"open","ping_status":"open","sticky":false,"template":"","format":"standard","meta":[],"categories":[7,6],"tags":[],"acf":[],"_links":{"self":[{"href":"https:\/\/itsmariagrande-ers.infd.edu.ar\/sitio\/wp-json\/wp\/v2\/posts\/1283"}],"collection":[{"href":"https:\/\/itsmariagrande-ers.infd.edu.ar\/sitio\/wp-json\/wp\/v2\/posts"}],"about":[{"href":"https:\/\/itsmariagrande-ers.infd.edu.ar\/sitio\/wp-json\/wp\/v2\/types\/post"}],"author":[{"embeddable":true,"href":"https:\/\/itsmariagrande-ers.infd.edu.ar\/sitio\/wp-json\/wp\/v2\/users\/128"}],"replies":[{"embeddable":true,"href":"https:\/\/itsmariagrande-ers.infd.edu.ar\/sitio\/wp-json\/wp\/v2\/comments?post=1283"}],"version-history":[{"count":0,"href":"https:\/\/itsmariagrande-ers.infd.edu.ar\/sitio\/wp-json\/wp\/v2\/posts\/1283\/revisions"}],"wp:attachment":[{"href":"https:\/\/itsmariagrande-ers.infd.edu.ar\/sitio\/wp-json\/wp\/v2\/media?parent=1283"}],"wp:term":[{"taxonomy":"category","embeddable":true,"href":"https:\/\/itsmariagrande-ers.infd.edu.ar\/sitio\/wp-json\/wp\/v2\/categories?post=1283"},{"taxonomy":"post_tag","embeddable":true,"href":"https:\/\/itsmariagrande-ers.infd.edu.ar\/sitio\/wp-json\/wp\/v2\/tags?post=1283"}],"curies":[{"name":"wp","href":"https:\/\/api.w.org\/{rel}","templated":true}]}}