{"id":1241,"date":"2015-12-02T00:00:00","date_gmt":"2015-12-02T00:00:00","guid":{"rendered":"https:\/\/itsmariagrande-ers.infd.edu.ar\/sitio\/se-aprobo-el-calendario-escolar-2016\/"},"modified":"2015-12-02T00:00:00","modified_gmt":"2015-12-02T00:00:00","slug":"se-aprobo-el-calendario-escolar-2016","status":"publish","type":"post","link":"https:\/\/itsmariagrande-ers.infd.edu.ar\/sitio\/se-aprobo-el-calendario-escolar-2016\/","title":{"rendered":"Se aprob\u00f3 el Calendario Escolar 2016"},"content":{"rendered":"<p class=\"sitio_noticia_volanta\" >De Inter\u00e9s General<\/p>\n<h3>Se aprob\u00f3 el Calendario Escolar 2016<\/h3>\n<p class=\"sitio_noticia_copete\" >Mediante Resoluci\u00f3n 4650\/15 CGE, se aprob\u00f3 el Calendario Escolar para el Ciclo Lectivo del 2016.<\/p>\n<hr class=\"sitio_noticia_contenido\" \/>\n<p >\n<p style=\"text-align: justify;\"><span style=\"font-family: verdana, geneva; font-size: 10pt;\">El Consejo General de Educaci&oacute;n aprob&oacute; mediante Resoluci&oacute;n 4650\/15 el Calendario Escolar que regir&aacute; para la provincia de Entre R&iacute;os para todos los niveles y modalidades de las instituciones educativas dependientes del organismo central. El documento orientador y organizador de las tareas de cada establecimiento, establece como d&iacute;a de inicio de clases el 29 de febrero de 2016 y como fecha de finalizaci&oacute;n de las mismas el 16 de diciembre de 2016.<\/span><\/p>\n<p style=\"text-align: justify;\"><strong><span style=\"font-family: verdana, geneva; font-size: 10pt;\">Planificar la Educaci&oacute;n.<\/span><\/strong><\/p>\n<p style=\"text-align: justify;\"><span style=\"font-family: verdana, geneva; font-size: 10pt;\">Sobre el nuevo calendario, la presidenta del CGE, Claudia Vallori expres&oacute;:<\/span><\/p>\n<p style=\"text-align: justify;\"><em><span style=\"font-family: verdana, geneva; font-size: 10pt;\">&ldquo;Estamos dando cumplimiento a lo acordado en el Consejo Federal de Educaci&oacute;n por las 24 jurisdicciones del pa&iacute;s. Esta es una herramienta de trabajo, un documento de uso cotidiano y que todos los miembros de la comunidad deben conocer a fin de poder planificar sus actividades. El calendario establece como d&iacute;a de inicio de las clases el 29 de febrero de 2016 y como fecha de finalizaci&oacute;n el d&iacute;a 16 de diciembre de ese a&ntilde;o. El receso de invierno tendr&aacute; lugar desde el 11 al 22 de julio pr&oacute;ximos&rdquo;.<\/span><\/em><\/p>\n<p style=\"text-align: justify;\"><em><span style=\"font-family: verdana, geneva; font-size: 10pt;\">&ldquo;Vale la pena recordar que los ejes fundamentales que han orientado la producci&oacute;n de este documento que enmarca la acci&oacute;n del personal de los distintos niveles de la gesti&oacute;n del sistema educativo provincial son, por un lado el estudiante en tanto sujeto de derecho; el docente como responsable de los procesos de ense&ntilde;anza y aprendizaje y sost&eacute;n de las pol&iacute;ticas educativas del Estado; y la escuela, en sentido amplio, como espacio de transmisi&oacute;n del saber y la cultura&rdquo;.<\/span><\/em><\/p>\n<p style=\"text-align: justify;\"><strong><span style=\"font-family: verdana, geneva; font-size: 10pt;\">A&ntilde;o Escolar<\/span><\/strong><\/p>\n<p style=\"text-align: justify;\"><span style=\"font-family: verdana, geneva; font-size: 10pt;\">El a&ntilde;o escolar es el per&iacute;odo comprendido entre el inicio y la finalizaci&oacute;n de las clases, la normativa estipula para el 2016 que las clases comenzar&aacute;n el 29 de febrero y terminar&aacute;n el 16 de diciembre. El a&ntilde;o escolar est&aacute; organizado en tres trimestres para los niveles y modalidades: Educaci&oacute;n Primaria, Educaci&oacute;n Especial, Educaci&oacute;n Permanente de J&oacute;venes y Adultos, Educaci&oacute;n Secundaria y Educaci&oacute;n T&eacute;cnico Profesional, y dos cuatrimestres para el nivel de Educaci&oacute;n Superior.<\/span><\/p>\n<p style=\"text-align: justify;\"><strong><span style=\"font-family: verdana, geneva; font-size: 10pt;\">Respecto del nivel Superior, la norma fija como inicio de clases el d&iacute;a 28 de marzo y fin de la cursada el d&iacute;a 18 de noviembre.<\/span><\/strong><\/p>\n<p style=\"text-align: justify;\"><span style=\"font-family: verdana, geneva; font-size: 10pt;\">Para tener en cuenta<\/span><br \/><span style=\"font-family: verdana, geneva; font-size: 10pt;\">*El receso de invierno ser&aacute; desde el 11 de julio al 22 de ese mes.<\/span><br \/><span style=\"font-family: verdana, geneva; font-size: 10pt;\">*La presentaci&oacute;n de equipos directivos y docentes en los establecimientos educativos, para todos los niveles &ndash;a excepci&oacute;n de nivel Superior&ndash; ser&aacute; el 10 de febrero.<\/span><\/p>\n<p style=\"text-align: right;\"><span style=\"font-family: verdana, geneva; font-size: 10pt;\"><a href=\"http:\/\/www.entrerios.gov.ar\/CGE\/2010\/blog\/destacadas\/se-aprobo-el-calendario-escolar-2016\/\" target=\"_blank\">FUENTE: publicado por Consejo general de Educaci&oacute;n en diciembre 2, 2015<\/a><\/span><\/p>\n<p style=\"text-align: right;\">&nbsp;<\/p>\n<p style=\"text-align: right;\"><span style=\"font-family: verdana, geneva; font-size: 10pt;\"><span><a title=\"Res. CGE 4650\/15 \" href=\"upload\/4650-15-CGE-Calendario-escolar-2016.pdf\" target=\"_blank\">Para acceder a la Resoluci&oacute;n 4650\/15, clikear aqu&iacute;.<\/a><\/span><\/span><\/p>\n<\/p>\n<div class=\"sitio_noticia_file\">\n                            Archivo relacionado:<br \/>\n                            <a href=\"http:\/\/itsmariagrande-ers.infd.edu.ar\/sitio\/wp-content\/uploads\/sitio\/4650-15-CGE-Calendario-escolar-2016.pdf\" title=\"descargar archivo\"><br \/>\n                            4650-15-CGE-Calendario-escolar-2016.pdf<br \/>\n                            <\/a>\n                        <\/div>\n","protected":false},"excerpt":{"rendered":"<p>De Inter\u00e9s General Se aprob\u00f3 el Calendario Escolar 2016 Mediante Resoluci\u00f3n 4650\/15 CGE, se aprob\u00f3 el Calendario Escolar para el Ciclo Lectivo del 2016. El Consejo General de Educaci&oacute;n aprob&oacute; mediante Resoluci&oacute;n 4650\/15 el Calendario Escolar que regir&aacute; para la provincia de Entre R&iacute;os para todos los niveles y modalidades de las instituciones educativas dependientes &#8230; <a title=\"Se aprob\u00f3 el Calendario Escolar 2016\" class=\"read-more\" href=\"https:\/\/itsmariagrande-ers.infd.edu.ar\/sitio\/se-aprobo-el-calendario-escolar-2016\/\" aria-label=\"More on Se aprob\u00f3 el Calendario Escolar 2016\">[+]<\/a><\/p>\n","protected":false},"author":128,"featured_media":0,"comment_status":"open","ping_status":"open","sticky":false,"template":"","format":"standard","meta":[],"categories":[7,6],"tags":[],"acf":[],"_links":{"self":[{"href":"https:\/\/itsmariagrande-ers.infd.edu.ar\/sitio\/wp-json\/wp\/v2\/posts\/1241"}],"collection":[{"href":"https:\/\/itsmariagrande-ers.infd.edu.ar\/sitio\/wp-json\/wp\/v2\/posts"}],"about":[{"href":"https:\/\/itsmariagrande-ers.infd.edu.ar\/sitio\/wp-json\/wp\/v2\/types\/post"}],"author":[{"embeddable":true,"href":"https:\/\/itsmariagrande-ers.infd.edu.ar\/sitio\/wp-json\/wp\/v2\/users\/128"}],"replies":[{"embeddable":true,"href":"https:\/\/itsmariagrande-ers.infd.edu.ar\/sitio\/wp-json\/wp\/v2\/comments?post=1241"}],"version-history":[{"count":0,"href":"https:\/\/itsmariagrande-ers.infd.edu.ar\/sitio\/wp-json\/wp\/v2\/posts\/1241\/revisions"}],"wp:attachment":[{"href":"https:\/\/itsmariagrande-ers.infd.edu.ar\/sitio\/wp-json\/wp\/v2\/media?parent=1241"}],"wp:term":[{"taxonomy":"category","embeddable":true,"href":"https:\/\/itsmariagrande-ers.infd.edu.ar\/sitio\/wp-json\/wp\/v2\/categories?post=1241"},{"taxonomy":"post_tag","embeddable":true,"href":"https:\/\/itsmariagrande-ers.infd.edu.ar\/sitio\/wp-json\/wp\/v2\/tags?post=1241"}],"curies":[{"name":"wp","href":"https:\/\/api.w.org\/{rel}","templated":true}]}}