{"id":1230,"date":"2015-04-13T00:00:00","date_gmt":"2015-04-13T00:00:00","guid":{"rendered":"https:\/\/itsmariagrande-ers.infd.edu.ar\/sitio\/aprobacion-del-diseno-curricular-tecnicatura-superior-en-administracion-de-empresas-para-el-ano-2015\/"},"modified":"2015-04-13T00:00:00","modified_gmt":"2015-04-13T00:00:00","slug":"aprobacion-del-diseno-curricular-tecnicatura-superior-en-administracion-de-empresas-para-el-ano-2015","status":"publish","type":"post","link":"https:\/\/itsmariagrande-ers.infd.edu.ar\/sitio\/aprobacion-del-diseno-curricular-tecnicatura-superior-en-administracion-de-empresas-para-el-ano-2015\/","title":{"rendered":"Aprobaci\u00f3n del dise\u00f1o curricular \u00abTecnicatura Superior en Administraci\u00f3n de Empresas\u00bb para el a\u00f1o 2015"},"content":{"rendered":"<p class=\"sitio_noticia_volanta\" >De inter\u00e9s general<\/p>\n<h3>Aprobaci\u00f3n del dise\u00f1o curricular \u00abTecnicatura Superior en Administraci\u00f3n de Empresas\u00bb para el a\u00f1o 2015<\/h3>\n<p class=\"sitio_noticia_copete\" >Resoluci\u00f3n N\u00b0 0834\/15 del C.G.E. Aprobaci\u00f3n el dise\u00f1o curricular de la carrera de Nivel Superior \u00abTecnicatura Superior en Administraci\u00f3n de Empresas\u00bb<\/p>\n<hr class=\"sitio_noticia_contenido\" \/>\n<p >\n<p style=\"text-align: justify;\"><span style=\"font-family: verdana, geneva; font-size: 12pt;\">El Consejo General de Eduaci&oacute;n de la Provincia de Entre R&iacute;os, informa mediante Resoluci&oacute;n N&deg; 0834\/15 la aprobaci&oacute;n el dise&ntilde;o curricular de la carrera de Nivel Superior \u00abTecnicatura Superior en Administraci&oacute;n de Empresas\u00bb perteneciente al Instituto T&eacute;cnico Superior Mar&iacute;a Grande, a implementarse a partir del A&ntilde;o Acad&eacute;mico 2015.<\/span><\/p>\n<\/p>\n<div class=\"sitio_noticia_file\">\n                            Archivo relacionado:<br \/>\n                            <a href=\"http:\/\/itsmariagrande-ers.infd.edu.ar\/sitio\/wp-content\/uploads\/sitio\/0834-15_CGE_Aprueba_Dise\u00f1o_Curricular_de_Tecnicatura_Sup._en_Administraci\u00f3n_de_Empresas.pdf\" title=\"descargar archivo\"><br \/>\n                            0834-15_CGE_Aprueba_Dise\u00f1o_Curricular_de_Tecnicatura_Sup._en_Administraci\u00f3n_de_Empresas.pdf<br \/>\n                            <\/a>\n                        <\/div>\n<div class=\"sitio_noticia_url\">\n                            M\u00e1s informaci\u00f3n:<br \/>\n                            <a href=\"http:\/\/\"0834-15_CGE_Aprueba_Dise\u00f1o_Curricular_de_Tecnicatura_Sup._en_Administraci\u00f3n_de_Empresas.pdf target=\"new_\"><br \/>\n                                0834-15_CGE_Aprueba_Dise\u00f1o_Curricular_de_Tecnicatura_Sup._en_Administraci\u00f3n_de_Empresas.pdf<br \/>\n                            <\/a>\n                        <\/div>\n","protected":false},"excerpt":{"rendered":"<p>De inter\u00e9s general Aprobaci\u00f3n del dise\u00f1o curricular \u00abTecnicatura Superior en Administraci\u00f3n de Empresas\u00bb para el a\u00f1o 2015 Resoluci\u00f3n N\u00b0 0834\/15 del C.G.E. Aprobaci\u00f3n el dise\u00f1o curricular de la carrera de Nivel Superior \u00abTecnicatura Superior en Administraci\u00f3n de Empresas\u00bb El Consejo General de Eduaci&oacute;n de la Provincia de Entre R&iacute;os, informa mediante Resoluci&oacute;n N&deg; 0834\/15 la &#8230; <a title=\"Aprobaci\u00f3n del dise\u00f1o curricular \u00abTecnicatura Superior en Administraci\u00f3n de Empresas\u00bb para el a\u00f1o 2015\" class=\"read-more\" href=\"https:\/\/itsmariagrande-ers.infd.edu.ar\/sitio\/aprobacion-del-diseno-curricular-tecnicatura-superior-en-administracion-de-empresas-para-el-ano-2015\/\" aria-label=\"More on Aprobaci\u00f3n del dise\u00f1o curricular \u00abTecnicatura Superior en Administraci\u00f3n de Empresas\u00bb para el a\u00f1o 2015\">[+]<\/a><\/p>\n","protected":false},"author":128,"featured_media":0,"comment_status":"open","ping_status":"open","sticky":false,"template":"","format":"standard","meta":[],"categories":[7,6],"tags":[],"acf":[],"_links":{"self":[{"href":"https:\/\/itsmariagrande-ers.infd.edu.ar\/sitio\/wp-json\/wp\/v2\/posts\/1230"}],"collection":[{"href":"https:\/\/itsmariagrande-ers.infd.edu.ar\/sitio\/wp-json\/wp\/v2\/posts"}],"about":[{"href":"https:\/\/itsmariagrande-ers.infd.edu.ar\/sitio\/wp-json\/wp\/v2\/types\/post"}],"author":[{"embeddable":true,"href":"https:\/\/itsmariagrande-ers.infd.edu.ar\/sitio\/wp-json\/wp\/v2\/users\/128"}],"replies":[{"embeddable":true,"href":"https:\/\/itsmariagrande-ers.infd.edu.ar\/sitio\/wp-json\/wp\/v2\/comments?post=1230"}],"version-history":[{"count":0,"href":"https:\/\/itsmariagrande-ers.infd.edu.ar\/sitio\/wp-json\/wp\/v2\/posts\/1230\/revisions"}],"wp:attachment":[{"href":"https:\/\/itsmariagrande-ers.infd.edu.ar\/sitio\/wp-json\/wp\/v2\/media?parent=1230"}],"wp:term":[{"taxonomy":"category","embeddable":true,"href":"https:\/\/itsmariagrande-ers.infd.edu.ar\/sitio\/wp-json\/wp\/v2\/categories?post=1230"},{"taxonomy":"post_tag","embeddable":true,"href":"https:\/\/itsmariagrande-ers.infd.edu.ar\/sitio\/wp-json\/wp\/v2\/tags?post=1230"}],"curies":[{"name":"wp","href":"https:\/\/api.w.org\/{rel}","templated":true}]}}